{"id":2845,"date":"2010-11-03T09:33:00","date_gmt":"2010-11-03T09:33:00","guid":{"rendered":"http:\/\/localhost:81\/wp1\/?p=2845"},"modified":"2010-11-03T09:33:00","modified_gmt":"2010-11-03T09:33:00","slug":"instituto-das-missionaria-marianas","status":"publish","type":"post","link":"https:\/\/sites.ecclesia.pt\/cv\/instituto-das-missionaria-marianas\/","title":{"rendered":"Instituto das Mission\u00e1ria Marianas"},"content":{"rendered":"<p>Consagradas na Diocese de Aveiro &#8211; 7 <!--more--> O Instituto das Mission\u00e1rias Marianas foi fundado a 17 de Fevereiro de 1920, em Quer\u00e9taro, M\u00e9xico. Os seus fundadores foram o padre Lu\u00eds Martin e Hern\u00e1ndez e a Madre Clem\u00eancia Borja Taboada.<\/p>\n<p>O sacerdote nasceu em Salamanca, Espanha, no dia 02 de Outubro de 1873. Tinha uma grande devo\u00e7\u00e3o ao Sagrado Cora\u00e7\u00e3o de Jesus e a Nossa Senhora de Guadalupe. Desejou impulsionar a obra promovendo, duma maneira integral, a educa\u00e7\u00e3o da mulher, dentro e fora do pa\u00eds (M\u00e9xico). Dizia: \u201cEduquem crist\u00e3mente a mulher de classe humilde. S\u00f3 assim a sociedade avan\u00e7ar\u00e1, pois \u00e9 a primeira escola onde se aprende a pensar, o templo onde se aprende a orar\u201d. Entregou o projecto da Obra \u00e0 Madre Clem\u00eancia e aguardou o sim da Santa Igreja. O Padre Lu\u00eds morreu no dia 19 de Abril de 1922.<\/p>\n<p>A Madre Clem\u00eancia Borja Taboada nasceu em Quer\u00e9taro, M\u00e9xico, no dia 25 de Setembro de 1881. \u00c0 semelhan\u00e7a do sacerdote fundador, depositava uma confian\u00e7a sem limites na divina provid\u00eancia. Palavras que repetia com frequ\u00eancia: \u201cOu ser santas, ou n\u00e3o estar na Congrega\u00e7\u00e3o\u201d; \u201ctristeza e melancolia, fora da minha casa\u201d.<\/p>\n<p>A Madre Clem\u00eancia morreu, no dia 12 de Mar\u00e7o de 1963.<\/p>\n<p>As Mission\u00e1rias Marianas consagram-se \u00e0 gl\u00f3ria do Pai, mediante a configura\u00e7\u00e3o com Cristo manso e humilde de cora\u00e7\u00e3o, evangelizador dos pobres, no amor do Esp\u00edrito Santo, e a Maria como inspira\u00e7\u00e3o e modelo concreto da sua entrega e compromisso na constru\u00e7\u00e3o do reino de Deus. T\u00eam no mist\u00e9rio do Sagrado Cora\u00e7\u00e3o de Jesus o centro da sua espiritualidade e o ideal da sua consagra\u00e7\u00e3o. Dedicam-se ao servi\u00e7o daqueles irm\u00e3os que o mundo descuida, tornando vis\u00edvel o amor de Deus em Cristo na educa\u00e7\u00e3o, cuidados de sa\u00fade, miss\u00f5es e servi\u00e7o assistencial nos semin\u00e1rios.<\/p>\n<p>As MM cumprem a sua miss\u00e3o no M\u00e9xico, Portugal, It\u00e1lia, Brasil, Peru, Rep\u00fablica Dominicana e Chade.<\/p>\n<p>No dia 17 de Setembro de 2000, abriram um Convento em Ouca (Vagos), com tr\u00eas religiosas, \u201cfilhas\u201d das duas almas gigantes de santidade que s\u00e3o o Padre Luis Martin e Hern\u00e1ndez e a Madre Clem\u00eancia Borja Taboada.<\/p>\n<p>As tr\u00eas primeiras religiosas, a Madre Lucina Angeles Angeles, a Irm\u00e3 Marcela Carrasco Ara\u00fajo e a Irm\u00e3 Maria do Amparo Ledesma Vizuett, vindas de Terras da Virgem de Guadalupe, Padroeira do M\u00e9xico, bateram \u00e0s portas de Ouca e aqui foram bem recebidas, de bra\u00e7os e cora\u00e7\u00f5es abertos, como outrora foram os peregrinos e os religiosos, os homens de f\u00e9 e de boa vontade, na casa de D. Diogo de Ata\u00edde.<\/p>\n<p>Veio um ano depois a Irm\u00e3 Magdalena Mart\u00ednez Gonzalez, sendo, mais tarde, substitu\u00edda pela Irm\u00e3 Gl\u00f3ria P\u00e9rez Gonz\u00e1lez. Depois de cinco anos de perman\u00eancia, a Ir. Marcela Carrasco Ara\u00fajo foi substitu\u00edda pela Ir. Maria Amparo Ledesma Vizuett. Para o lugar da Madre Lucina Angeles Angeles veio a Irm\u00e3 Maria Eug\u00e9nia Morales Fonseca.<\/p>\n<p>Quanto ao trabalho pastoral das tr\u00eas irm\u00e3s que formam a Comunidade de Ouca, \u00e9 orientado tendo em conta a vida espiritual das pessoas que lhes s\u00e3o confiadas, no trabalho da par\u00f3quia, no Centro Social e Bem Estar \u2013 Lar de S\u00e3o Martinho, no servi\u00e7o da enfermagem e apoio domicili\u00e1rio, e na Adora\u00e7\u00e3o do Sant\u00edssimo Sacramento na Igreja Paroquial.<\/p>\n<p>Comunidade das Mission\u00e1rias Marianas em Ouca<\/p>\n","protected":false},"excerpt":{"rendered":"<p>Consagradas na Diocese de Aveiro &#8211; 7<\/p>\n","protected":false},"author":1,"featured_media":0,"comment_status":"open","ping_status":"open","sticky":false,"template":"","format":"standard","meta":{"footnotes":""},"categories":[70],"tags":[],"class_list":["post-2845","post","type-post","status-publish","format-standard","hentry","category-diocese"],"_links":{"self":[{"href":"https:\/\/sites.ecclesia.pt\/cv\/wp-json\/wp\/v2\/posts\/2845","targetHints":{"allow":["GET"]}}],"collection":[{"href":"https:\/\/sites.ecclesia.pt\/cv\/wp-json\/wp\/v2\/posts"}],"about":[{"href":"https:\/\/sites.ecclesia.pt\/cv\/wp-json\/wp\/v2\/types\/post"}],"author":[{"embeddable":true,"href":"https:\/\/sites.ecclesia.pt\/cv\/wp-json\/wp\/v2\/users\/1"}],"replies":[{"embeddable":true,"href":"https:\/\/sites.ecclesia.pt\/cv\/wp-json\/wp\/v2\/comments?post=2845"}],"version-history":[{"count":0,"href":"https:\/\/sites.ecclesia.pt\/cv\/wp-json\/wp\/v2\/posts\/2845\/revisions"}],"wp:attachment":[{"href":"https:\/\/sites.ecclesia.pt\/cv\/wp-json\/wp\/v2\/media?parent=2845"}],"wp:term":[{"taxonomy":"category","embeddable":true,"href":"https:\/\/sites.ecclesia.pt\/cv\/wp-json\/wp\/v2\/categories?post=2845"},{"taxonomy":"post_tag","embeddable":true,"href":"https:\/\/sites.ecclesia.pt\/cv\/wp-json\/wp\/v2\/tags?post=2845"}],"curies":[{"name":"wp","href":"https:\/\/api.w.org\/{rel}","templated":true}]}}