{"id":2846,"date":"2010-11-03T09:41:00","date_gmt":"2010-11-03T09:41:00","guid":{"rendered":"http:\/\/localhost:81\/wp1\/?p=2846"},"modified":"2010-11-03T09:41:00","modified_gmt":"2010-11-03T09:41:00","slug":"nunca-e-tarde-para-lancar-um-bom-negocio","status":"publish","type":"post","link":"https:\/\/sites.ecclesia.pt\/cv\/nunca-e-tarde-para-lancar-um-bom-negocio\/","title":{"rendered":"Nunca \u00e9 tarde para lan\u00e7ar um bom neg\u00f3cio"},"content":{"rendered":"<p>ACEGE lan\u00e7a \u00abFundo Bem Comum\u00bb. Iniciativa quer promover emprego sustent\u00e1vel para pessoas com mais de 40 anos.<\/p>\n<p>A Associa\u00e7\u00e3o Crist\u00e3 de Empres\u00e1rios e Gestores (ACEGE) apresentou no dia 27 de Outubro, em Lisboa, o \u00abFundo Bem Comum\u00bb (FBC) que visa promover e apoiar projectos empresariais de desempregados ou pr\u00e9-reformados com mais de 40 anos.<\/p>\n<p>Estimular o empreendedorismo e a economia nacional, fomentando o emprego s\u00e9nior, para aquelas pessoas que, apesar de ainda terem capacidades para contribuir para o desenvolvimento social, se viram atiradas para o desemprego s\u00e3o os principais objectivos do Fundo.<\/p>\n<p>De acordo com Ant\u00f3nio Pinto Leite, presidente da ACEGE, a iniciativa resulta de um \u201colhar para a sociedade portuguesa, onde h\u00e1 muito sofrimento, tendo a associa\u00e7\u00e3o escolhido um ponto desse sofrimento, o desemprego, focando-se naquelas pessoas com mais de 40 anos que t\u00eam perfil empreendedor, est\u00e3o tristes mas n\u00e3o conformadas, que batem \u00e0s portas e que as encontram fechadas\u201d.<\/p>\n<p>De facto, o FBC destina-se a apoiar projectos empresariais de desempregados ou pr\u00e9-reformados, dentro daquela faixa et\u00e1ria, e que sejam considerados como sustent\u00e1veis no futuro.<\/p>\n<p>\u201cQueremos sobretudo estimular o empreendedorismo social\u201d real\u00e7a o presidente da ACEGE, em declara\u00e7\u00f5es \u00e0 Ag\u00eancia Ecclesia, mostrando-se confiante de que haver\u00e1 uma ades\u00e3o significativa da parte das pessoas.<\/p>\n<p>\u201cTemos indica\u00e7\u00f5es de que haver\u00e1 neste universo de quadros m\u00e9dios e superiores que estamos a querer atingir, cerca de 50 a 60 mil pessoas, e dentro deste n\u00famero h\u00e1 cerca de 5 mil com perfil empreendedor. Portanto, ao ouvir isto, v\u00e3o reagir e \u00e9 nesses que estamos a apostar\u201d, sublinha Ant\u00f3nio Pinto Leite.<\/p>\n<p>O FBC vai ser gerido por uma sociedade de capital de risco, a Sociedade Bem Comum (SBC), com um capital inicial de 2,5 milh\u00f5es de euros.<\/p>\n<p>Nuno Fernandes Thomaz, membro da direc\u00e7\u00e3o da ACEGE, ter\u00e1 como responsabilidade liderar a sociedade. Na sess\u00e3o de apresenta\u00e7\u00e3o, explicou que \u201cos objectivos da iniciativa passam pelo est\u00edmulo da economia e pela promo\u00e7\u00e3o do bem comum\u201d, atendendo a uma faixa da popula\u00e7\u00e3o que \u00e9, muitas vezes, esquecida pelo mercado de trabalho.<\/p>\n<p>\u201cSe algu\u00e9m for despedido com 40 anos, certamente que ter\u00e1 muitas dificuldades em arranjar emprego e o que est\u00e1 em causa \u00e9 impedir o desaproveitamento de recursos humanos valiosos\u201d, refor\u00e7a o mesmo respons\u00e1vel.<\/p>\n<p>O presidente da SBC deixa no entanto o aviso de que \u201ca gest\u00e3o deste projecto seguir\u00e1 sem margem para ced\u00eancias a impulsos caritativos\u201d, antes, procurar\u00e1 \u201cprimar pelo rigor, apoiado num conjunto de parceiros que, de forma gratuita, ir\u00e3o garantir que s\u00f3 projectos sustent\u00e1veis e capazes ser\u00e3o apoiados\u201d.<\/p>\n<p>Todos os projectos que n\u00e3o caibam no \u00e2mbito do FBC ser\u00e3o, no entanto, encaminhados para outras entidades, garantindo que n\u00e3o ficar\u00e3o na gaveta.<\/p>\n<p>Fundo Bem Comum<\/p>\n<p>* Destinat\u00e1rios: desempregados ou pr\u00e9-reformados com mais de 40 anos que tenham uma ideia de neg\u00f3cio com potencial.<\/p>\n<p>* Capital inicial para apoio de 2,5 milh\u00f5es de Euros, garantido em partes iguais por cinco bancos: Banco Esp\u00edrito Santo, Grupo Jos\u00e9 de Mello, Caixa Geral de Dep\u00f3sitos, Grupo Santander e Montepio Geral.<\/p>\n<p>* Empresas colaboradoras: consultora Morais Leit\u00e3o Galv\u00e3o Teles Soares da Silva &#038; Associados e auditora KPMG &#038; Associados.<\/p>\n<p>* S\u00edtio na Internet: www.bemcomum.pt.<\/p>\n","protected":false},"excerpt":{"rendered":"<p>ACEGE lan\u00e7a \u00abFundo Bem Comum\u00bb. Iniciativa quer promover emprego sustent\u00e1vel para pessoas com mais de 40 anos. A Associa\u00e7\u00e3o Crist\u00e3 de Empres\u00e1rios e Gestores (ACEGE) apresentou no dia 27 de Outubro, em Lisboa, o \u00abFundo Bem Comum\u00bb (FBC) que visa promover e apoiar projectos empresariais de desempregados ou pr\u00e9-reformados com mais de 40 anos. Estimular [&hellip;]<\/p>\n","protected":false},"author":1,"featured_media":0,"comment_status":"open","ping_status":"open","sticky":false,"template":"","format":"standard","meta":{"footnotes":""},"categories":[53],"tags":[],"class_list":["post-2846","post","type-post","status-publish","format-standard","hentry","category-igreja-em-portugal"],"_links":{"self":[{"href":"https:\/\/sites.ecclesia.pt\/cv\/wp-json\/wp\/v2\/posts\/2846","targetHints":{"allow":["GET"]}}],"collection":[{"href":"https:\/\/sites.ecclesia.pt\/cv\/wp-json\/wp\/v2\/posts"}],"about":[{"href":"https:\/\/sites.ecclesia.pt\/cv\/wp-json\/wp\/v2\/types\/post"}],"author":[{"embeddable":true,"href":"https:\/\/sites.ecclesia.pt\/cv\/wp-json\/wp\/v2\/users\/1"}],"replies":[{"embeddable":true,"href":"https:\/\/sites.ecclesia.pt\/cv\/wp-json\/wp\/v2\/comments?post=2846"}],"version-history":[{"count":0,"href":"https:\/\/sites.ecclesia.pt\/cv\/wp-json\/wp\/v2\/posts\/2846\/revisions"}],"wp:attachment":[{"href":"https:\/\/sites.ecclesia.pt\/cv\/wp-json\/wp\/v2\/media?parent=2846"}],"wp:term":[{"taxonomy":"category","embeddable":true,"href":"https:\/\/sites.ecclesia.pt\/cv\/wp-json\/wp\/v2\/categories?post=2846"},{"taxonomy":"post_tag","embeddable":true,"href":"https:\/\/sites.ecclesia.pt\/cv\/wp-json\/wp\/v2\/tags?post=2846"}],"curies":[{"name":"wp","href":"https:\/\/api.w.org\/{rel}","templated":true}]}}