{"id":2847,"date":"2010-11-03T09:41:00","date_gmt":"2010-11-03T09:41:00","guid":{"rendered":"http:\/\/localhost:81\/wp1\/?p=2847"},"modified":"2010-11-03T09:41:00","modified_gmt":"2010-11-03T09:41:00","slug":"igreja-procura-articular-iniciativas-vocacionais","status":"publish","type":"post","link":"https:\/\/sites.ecclesia.pt\/cv\/igreja-procura-articular-iniciativas-vocacionais\/","title":{"rendered":"Igreja procura articular iniciativas vocacionais"},"content":{"rendered":"<p>Cerca de 200 pessoas jutaram-se no VII F\u00f3rum Nacional das Voca\u00e7\u00f5es, realizado em F\u00e1tima, nos dias 29 e 30 de Outubro, apontando a necessidade de maior articula\u00e7\u00e3o e de refor\u00e7ar a comunica\u00e7\u00e3o e a partilha de actividades nesta \u00e1rea.<\/p>\n<p>Bispos, padres, consagrados e leigos reuniram-se \u00e0 volta do tema \u201cA Pastoral das Voca\u00e7\u00f5es na Igreja Diocesana\u201d.<\/p>\n<p>O Presidente da Comiss\u00e3o Episcopal das Voca\u00e7\u00f5es e Minist\u00e9rios, D. Ant\u00f3nio Francisco dos Santos, lan\u00e7ou o mote ao referir a Pastoral Vocacional como compromisso de todos os sectores da Igreja e como co-responsabilidade de toda a comunidade crist\u00e3.<\/p>\n<p>O conferencista principal do evento foi o padre salesiano Mario Oscar Llanos, professor da Universidade Pontif\u00edcia Salesiana em Roma, que come\u00e7ou por enquadrar a pastoral vocacional numa perspectiva de conjunto, como actua\u00e7\u00e3o sintonizada de todos os agentes pastorais suportada numa vis\u00e3o comum.<\/p>\n<p>Segundo este especialista ningu\u00e9m \u00e9 exclu\u00eddo na obra das voca\u00e7\u00f5es, ainda que alguns sectores sejam espa\u00e7os privilegiados dessa ac\u00e7\u00e3o: fam\u00edlia, escola, catequese, juventude. Da reflex\u00e3o de grupos das v\u00e1rias dioceses, surgiram ainda algumas propostas para concretizar os desafios deste encontro, sublinha o comunicado publicado no final dos trabalhos.<\/p>\n","protected":false},"excerpt":{"rendered":"<p>Cerca de 200 pessoas jutaram-se no VII F\u00f3rum Nacional das Voca\u00e7\u00f5es, realizado em F\u00e1tima, nos dias 29 e 30 de Outubro, apontando a necessidade de maior articula\u00e7\u00e3o e de refor\u00e7ar a comunica\u00e7\u00e3o e a partilha de actividades nesta \u00e1rea. Bispos, padres, consagrados e leigos reuniram-se \u00e0 volta do tema \u201cA Pastoral das Voca\u00e7\u00f5es na Igreja [&hellip;]<\/p>\n","protected":false},"author":1,"featured_media":0,"comment_status":"open","ping_status":"open","sticky":false,"template":"","format":"standard","meta":{"footnotes":""},"categories":[53],"tags":[],"class_list":["post-2847","post","type-post","status-publish","format-standard","hentry","category-igreja-em-portugal"],"_links":{"self":[{"href":"https:\/\/sites.ecclesia.pt\/cv\/wp-json\/wp\/v2\/posts\/2847","targetHints":{"allow":["GET"]}}],"collection":[{"href":"https:\/\/sites.ecclesia.pt\/cv\/wp-json\/wp\/v2\/posts"}],"about":[{"href":"https:\/\/sites.ecclesia.pt\/cv\/wp-json\/wp\/v2\/types\/post"}],"author":[{"embeddable":true,"href":"https:\/\/sites.ecclesia.pt\/cv\/wp-json\/wp\/v2\/users\/1"}],"replies":[{"embeddable":true,"href":"https:\/\/sites.ecclesia.pt\/cv\/wp-json\/wp\/v2\/comments?post=2847"}],"version-history":[{"count":0,"href":"https:\/\/sites.ecclesia.pt\/cv\/wp-json\/wp\/v2\/posts\/2847\/revisions"}],"wp:attachment":[{"href":"https:\/\/sites.ecclesia.pt\/cv\/wp-json\/wp\/v2\/media?parent=2847"}],"wp:term":[{"taxonomy":"category","embeddable":true,"href":"https:\/\/sites.ecclesia.pt\/cv\/wp-json\/wp\/v2\/categories?post=2847"},{"taxonomy":"post_tag","embeddable":true,"href":"https:\/\/sites.ecclesia.pt\/cv\/wp-json\/wp\/v2\/tags?post=2847"}],"curies":[{"name":"wp","href":"https:\/\/api.w.org\/{rel}","templated":true}]}}