{"id":2848,"date":"2010-11-03T09:42:00","date_gmt":"2010-11-03T09:42:00","guid":{"rendered":"http:\/\/localhost:81\/wp1\/?p=2848"},"modified":"2010-11-03T09:42:00","modified_gmt":"2010-11-03T09:42:00","slug":"pastoral-familiar-debate-o-desafio-da-verdade","status":"publish","type":"post","link":"https:\/\/sites.ecclesia.pt\/cv\/pastoral-familiar-debate-o-desafio-da-verdade\/","title":{"rendered":"Pastoral Familiar debate o &#8220;desafio da verdade&#8221;"},"content":{"rendered":"<p>Breve <!--more--> Realizam-se de 12 a 14 de Novembro, no Semin\u00e1rio do Verbo Divino, em F\u00e1tima, as Jornadas Nacionais da Pastoral Familiar de 2010, este ano sob o tema geral \u201cA Pessoa e a Fam\u00edlia: O desafio da Verdade\u201d.<\/p>\n<p>Estas jornadas s\u00e3o uma iniciativa que a Comiss\u00e3o Episcopal para o Laicado e Fam\u00edlia promove anualmente com o objectivo de propor uma reflex\u00e3o sobre temas actuais relacionados com a Fam\u00edlia enquanto comunidade nuclear fundamental para a realiza\u00e7\u00e3o e desenvolvimento pessoal e parte activa dos dinamismos sociais que a envolvem.<\/p>\n","protected":false},"excerpt":{"rendered":"<p>Breve<\/p>\n","protected":false},"author":1,"featured_media":0,"comment_status":"open","ping_status":"open","sticky":false,"template":"","format":"standard","meta":{"footnotes":""},"categories":[53],"tags":[],"class_list":["post-2848","post","type-post","status-publish","format-standard","hentry","category-igreja-em-portugal"],"_links":{"self":[{"href":"https:\/\/sites.ecclesia.pt\/cv\/wp-json\/wp\/v2\/posts\/2848","targetHints":{"allow":["GET"]}}],"collection":[{"href":"https:\/\/sites.ecclesia.pt\/cv\/wp-json\/wp\/v2\/posts"}],"about":[{"href":"https:\/\/sites.ecclesia.pt\/cv\/wp-json\/wp\/v2\/types\/post"}],"author":[{"embeddable":true,"href":"https:\/\/sites.ecclesia.pt\/cv\/wp-json\/wp\/v2\/users\/1"}],"replies":[{"embeddable":true,"href":"https:\/\/sites.ecclesia.pt\/cv\/wp-json\/wp\/v2\/comments?post=2848"}],"version-history":[{"count":0,"href":"https:\/\/sites.ecclesia.pt\/cv\/wp-json\/wp\/v2\/posts\/2848\/revisions"}],"wp:attachment":[{"href":"https:\/\/sites.ecclesia.pt\/cv\/wp-json\/wp\/v2\/media?parent=2848"}],"wp:term":[{"taxonomy":"category","embeddable":true,"href":"https:\/\/sites.ecclesia.pt\/cv\/wp-json\/wp\/v2\/categories?post=2848"},{"taxonomy":"post_tag","embeddable":true,"href":"https:\/\/sites.ecclesia.pt\/cv\/wp-json\/wp\/v2\/tags?post=2848"}],"curies":[{"name":"wp","href":"https:\/\/api.w.org\/{rel}","templated":true}]}}