{"id":2856,"date":"2010-11-03T09:42:00","date_gmt":"2010-11-03T09:42:00","guid":{"rendered":"http:\/\/localhost:81\/wp1\/?p=2856"},"modified":"2010-11-03T09:42:00","modified_gmt":"2010-11-03T09:42:00","slug":"fec-lanca-presentes-solidarios","status":"publish","type":"post","link":"https:\/\/sites.ecclesia.pt\/cv\/fec-lanca-presentes-solidarios\/","title":{"rendered":"FEC lan\u00e7a presentes solid\u00e1rios"},"content":{"rendered":"<p>Breve <!--more--> A Funda\u00e7\u00e3o Evangeliza\u00e7\u00e3o e Culturas (FEC) lan\u00e7ou a campanha de Natal \u201cPresentes Solid\u00e1rios\u201d de 2010. A iniciativa,pelo quinto ano consecutivo, tem como objectivo \u201cdesafiar a sociedade portuguesa\u201d a mudar a vida de \u201cin\u00fameras fam\u00edlias mais desfavorecidas nos pa\u00edses lus\u00f3fonos\u201d. \u201cOs Presentes Solid\u00e1rios s\u00e3o uma oportunidade em prol de um desenvolvimento e prosperidade partilhados\u201d, refere comunicado da FEC. A edi\u00e7\u00e3o deste ano conta com o apoio de figuras p\u00fablicas.<\/p>\n","protected":false},"excerpt":{"rendered":"<p>Breve<\/p>\n","protected":false},"author":1,"featured_media":0,"comment_status":"open","ping_status":"open","sticky":false,"template":"","format":"standard","meta":{"footnotes":""},"categories":[53],"tags":[],"class_list":["post-2856","post","type-post","status-publish","format-standard","hentry","category-igreja-em-portugal"],"_links":{"self":[{"href":"https:\/\/sites.ecclesia.pt\/cv\/wp-json\/wp\/v2\/posts\/2856","targetHints":{"allow":["GET"]}}],"collection":[{"href":"https:\/\/sites.ecclesia.pt\/cv\/wp-json\/wp\/v2\/posts"}],"about":[{"href":"https:\/\/sites.ecclesia.pt\/cv\/wp-json\/wp\/v2\/types\/post"}],"author":[{"embeddable":true,"href":"https:\/\/sites.ecclesia.pt\/cv\/wp-json\/wp\/v2\/users\/1"}],"replies":[{"embeddable":true,"href":"https:\/\/sites.ecclesia.pt\/cv\/wp-json\/wp\/v2\/comments?post=2856"}],"version-history":[{"count":0,"href":"https:\/\/sites.ecclesia.pt\/cv\/wp-json\/wp\/v2\/posts\/2856\/revisions"}],"wp:attachment":[{"href":"https:\/\/sites.ecclesia.pt\/cv\/wp-json\/wp\/v2\/media?parent=2856"}],"wp:term":[{"taxonomy":"category","embeddable":true,"href":"https:\/\/sites.ecclesia.pt\/cv\/wp-json\/wp\/v2\/categories?post=2856"},{"taxonomy":"post_tag","embeddable":true,"href":"https:\/\/sites.ecclesia.pt\/cv\/wp-json\/wp\/v2\/tags?post=2856"}],"curies":[{"name":"wp","href":"https:\/\/api.w.org\/{rel}","templated":true}]}}