{"id":2859,"date":"2010-11-03T09:43:00","date_gmt":"2010-11-03T09:43:00","guid":{"rendered":"http:\/\/localhost:81\/wp1\/?p=2859"},"modified":"2010-11-03T09:43:00","modified_gmt":"2010-11-03T09:43:00","slug":"igreja-do-algarve-reza-pelas-vocacoes","status":"publish","type":"post","link":"https:\/\/sites.ecclesia.pt\/cv\/igreja-do-algarve-reza-pelas-vocacoes\/","title":{"rendered":"Igreja do Algarve reza pelas voca\u00e7\u00f5es"},"content":{"rendered":"<p>Breve <!--more--> Antecipando a pr\u00f3xima Semana dos Semin\u00e1rios (7 a 14 de Novembro), a diocese do Algarve reza todas as voca\u00e7\u00f5es consagradas. A iniciativa, que se repete h\u00e1 alguns anos, come\u00e7ou no dia 30 de Outubro, na Igreja de Monchique. Durante duas semanas, a todas as horas do dia, as par\u00f3quias algarvias v\u00e3o ser percorridas por uma cadeia de ora\u00e7\u00e3o, centrada na Adora\u00e7\u00e3o Eucar\u00edstica. Este Lausperene diocesano, como \u00e9 denominado, prolonga-se at\u00e9 12 de Novembro. A sess\u00e3o de encerramento est\u00e1 marcada para a Par\u00f3quia de S. Pedro, em Faro, pelas 21 horas.<\/p>\n","protected":false},"excerpt":{"rendered":"<p>Breve<\/p>\n","protected":false},"author":1,"featured_media":0,"comment_status":"open","ping_status":"open","sticky":false,"template":"","format":"standard","meta":{"footnotes":""},"categories":[53],"tags":[],"class_list":["post-2859","post","type-post","status-publish","format-standard","hentry","category-igreja-em-portugal"],"_links":{"self":[{"href":"https:\/\/sites.ecclesia.pt\/cv\/wp-json\/wp\/v2\/posts\/2859","targetHints":{"allow":["GET"]}}],"collection":[{"href":"https:\/\/sites.ecclesia.pt\/cv\/wp-json\/wp\/v2\/posts"}],"about":[{"href":"https:\/\/sites.ecclesia.pt\/cv\/wp-json\/wp\/v2\/types\/post"}],"author":[{"embeddable":true,"href":"https:\/\/sites.ecclesia.pt\/cv\/wp-json\/wp\/v2\/users\/1"}],"replies":[{"embeddable":true,"href":"https:\/\/sites.ecclesia.pt\/cv\/wp-json\/wp\/v2\/comments?post=2859"}],"version-history":[{"count":0,"href":"https:\/\/sites.ecclesia.pt\/cv\/wp-json\/wp\/v2\/posts\/2859\/revisions"}],"wp:attachment":[{"href":"https:\/\/sites.ecclesia.pt\/cv\/wp-json\/wp\/v2\/media?parent=2859"}],"wp:term":[{"taxonomy":"category","embeddable":true,"href":"https:\/\/sites.ecclesia.pt\/cv\/wp-json\/wp\/v2\/categories?post=2859"},{"taxonomy":"post_tag","embeddable":true,"href":"https:\/\/sites.ecclesia.pt\/cv\/wp-json\/wp\/v2\/tags?post=2859"}],"curies":[{"name":"wp","href":"https:\/\/api.w.org\/{rel}","templated":true}]}}