{"id":289,"date":"2010-01-08T10:19:00","date_gmt":"2010-01-08T10:19:00","guid":{"rendered":"http:\/\/localhost:81\/wp1\/?p=289"},"modified":"2010-01-08T10:19:00","modified_gmt":"2010-01-08T10:19:00","slug":"israel-3","status":"publish","type":"post","link":"https:\/\/sites.ecclesia.pt\/cv\/israel-3\/","title":{"rendered":"Israel"},"content":{"rendered":"<p>Pelo Mundo <!--more--> O Vicariato dos Cat\u00f3licos de L\u00edngua Hebraica de Israel (www.catholic.co.il) emitiu uma declara\u00e7\u00e3o na qual expressa o seu apoio \u00e0 decis\u00e3o de Bento XVI de aprovar um decreto que testemunha as virtudes her\u00f3icas de Pio XII. A organiza\u00e7\u00e3o lamenta que a decis\u00e3o tenha produzido uma nova \u201ctempestade nas rela\u00e7\u00f5es entre os judeus e os cat\u00f3licos\u201d.<\/p>\n","protected":false},"excerpt":{"rendered":"<p>Pelo Mundo<\/p>\n","protected":false},"author":1,"featured_media":0,"comment_status":"open","ping_status":"open","sticky":false,"template":"","format":"standard","meta":{"footnotes":""},"categories":[55],"tags":[],"class_list":["post-289","post","type-post","status-publish","format-standard","hentry","category-igreja-no-mundo"],"_links":{"self":[{"href":"https:\/\/sites.ecclesia.pt\/cv\/wp-json\/wp\/v2\/posts\/289","targetHints":{"allow":["GET"]}}],"collection":[{"href":"https:\/\/sites.ecclesia.pt\/cv\/wp-json\/wp\/v2\/posts"}],"about":[{"href":"https:\/\/sites.ecclesia.pt\/cv\/wp-json\/wp\/v2\/types\/post"}],"author":[{"embeddable":true,"href":"https:\/\/sites.ecclesia.pt\/cv\/wp-json\/wp\/v2\/users\/1"}],"replies":[{"embeddable":true,"href":"https:\/\/sites.ecclesia.pt\/cv\/wp-json\/wp\/v2\/comments?post=289"}],"version-history":[{"count":0,"href":"https:\/\/sites.ecclesia.pt\/cv\/wp-json\/wp\/v2\/posts\/289\/revisions"}],"wp:attachment":[{"href":"https:\/\/sites.ecclesia.pt\/cv\/wp-json\/wp\/v2\/media?parent=289"}],"wp:term":[{"taxonomy":"category","embeddable":true,"href":"https:\/\/sites.ecclesia.pt\/cv\/wp-json\/wp\/v2\/categories?post=289"},{"taxonomy":"post_tag","embeddable":true,"href":"https:\/\/sites.ecclesia.pt\/cv\/wp-json\/wp\/v2\/tags?post=289"}],"curies":[{"name":"wp","href":"https:\/\/api.w.org\/{rel}","templated":true}]}}