{"id":2967,"date":"2010-11-10T10:37:00","date_gmt":"2010-11-10T10:37:00","guid":{"rendered":"http:\/\/localhost:81\/wp1\/?p=2967"},"modified":"2010-11-10T10:37:00","modified_gmt":"2010-11-10T10:37:00","slug":"teatro-infantil-e-divertido-aprender-o-abecedario","status":"publish","type":"post","link":"https:\/\/sites.ecclesia.pt\/cv\/teatro-infantil-e-divertido-aprender-o-abecedario\/","title":{"rendered":"Teatro infantil: \u00c9 divertido aprender o abeced\u00e1rio"},"content":{"rendered":"<p>O Zeca n\u00e3o est\u00e1 muito entusiasmado com a perspectiva de aprender o abeced\u00e1rio na escola. Para ele, as letras n\u00e3o fazem falta, uma vez que consegue falar sem conhecer nenhuma! Por mais que a Professora Ana o tente convencer, \u00e9 in\u00fatil: \u201cPra que \u00e9 que eu preciso das letras? Elas existem na minha boca!\u201d. Ao adormecer numa das aulas, o Zeca \u00e9 acordado por um ser misterioso \u2013 Azim \u2013 que, sem ele dar por isso, lhe vai mostrar como pode ser divertido aprender o abeced\u00e1rio.<\/p>\n<p>Teatro: \u201cO Abeced\u00e1rio M\u00e1gico\u201d, domingo, 14 de Novembro, \u00e0s 16h, no Centro Cultural de \u00cdlhavo. Bilhetes a 5 euros.<\/p>\n","protected":false},"excerpt":{"rendered":"<p>O Zeca n\u00e3o est\u00e1 muito entusiasmado com a perspectiva de aprender o abeced\u00e1rio na escola. Para ele, as letras n\u00e3o fazem falta, uma vez que consegue falar sem conhecer nenhuma! Por mais que a Professora Ana o tente convencer, \u00e9 in\u00fatil: \u201cPra que \u00e9 que eu preciso das letras? Elas existem na minha boca!\u201d. Ao [&hellip;]<\/p>\n","protected":false},"author":1,"featured_media":0,"comment_status":"open","ping_status":"open","sticky":false,"template":"","format":"standard","meta":{"footnotes":""},"categories":[67],"tags":[],"class_list":["post-2967","post","type-post","status-publish","format-standard","hentry","category-ver-ouvir-sair"],"_links":{"self":[{"href":"https:\/\/sites.ecclesia.pt\/cv\/wp-json\/wp\/v2\/posts\/2967","targetHints":{"allow":["GET"]}}],"collection":[{"href":"https:\/\/sites.ecclesia.pt\/cv\/wp-json\/wp\/v2\/posts"}],"about":[{"href":"https:\/\/sites.ecclesia.pt\/cv\/wp-json\/wp\/v2\/types\/post"}],"author":[{"embeddable":true,"href":"https:\/\/sites.ecclesia.pt\/cv\/wp-json\/wp\/v2\/users\/1"}],"replies":[{"embeddable":true,"href":"https:\/\/sites.ecclesia.pt\/cv\/wp-json\/wp\/v2\/comments?post=2967"}],"version-history":[{"count":0,"href":"https:\/\/sites.ecclesia.pt\/cv\/wp-json\/wp\/v2\/posts\/2967\/revisions"}],"wp:attachment":[{"href":"https:\/\/sites.ecclesia.pt\/cv\/wp-json\/wp\/v2\/media?parent=2967"}],"wp:term":[{"taxonomy":"category","embeddable":true,"href":"https:\/\/sites.ecclesia.pt\/cv\/wp-json\/wp\/v2\/categories?post=2967"},{"taxonomy":"post_tag","embeddable":true,"href":"https:\/\/sites.ecclesia.pt\/cv\/wp-json\/wp\/v2\/tags?post=2967"}],"curies":[{"name":"wp","href":"https:\/\/api.w.org\/{rel}","templated":true}]}}