{"id":2971,"date":"2010-10-20T10:18:00","date_gmt":"2010-10-20T10:18:00","guid":{"rendered":"http:\/\/localhost:81\/wp1\/?p=2971"},"modified":"2010-10-20T10:18:00","modified_gmt":"2010-10-20T10:18:00","slug":"portugal-em-numeros-7","status":"publish","type":"post","link":"https:\/\/sites.ecclesia.pt\/cv\/portugal-em-numeros-7\/","title":{"rendered":"Portugal em N\u00fameros"},"content":{"rendered":"<p>126<\/p>\n<p>mil hectares de floresta e matos ardidos at\u00e9 ao final de Setembro deste ano. Est\u00e1 a ser o pior ano desde 2005. Na \u00faltima d\u00e9cada, o ano com mais \u00e1rea ardida \u00e9 2003, com 426 mil hectares ardidos, seguido de 2005, 338 mil.<\/p>\n<p>14<\/p>\n<p>n\u00famero de crian\u00e7as e jovens que, por dia, sofrem acidentes rodovi\u00e1rios. Destes, oito s\u00e3o passageiros de ve\u00edculos, quatro s\u00e3o pe\u00f5es atropelados e duas conduzem viaturas pr\u00f3prias.<\/p>\n<p>4,47<\/p>\n<p>hectares que, em m\u00e9dia, cada portugu\u00eas precisa para que seja gerado o que consome (alimentos, casa, energia\u2026). Tal \u00e9 a medida da chamada pegada ecol\u00f3gica. Se todos os habitantes do mundo consumissem o mesmo que os portugueses, seriam necess\u00e1rios os recursos de dois planetas e meio.<\/p>\n<p>250<\/p>\n<p>milh\u00f5es de euros que o Estado poupa com os cortes no abono de fam\u00edlia a 1 383 000 crian\u00e7as e jovens.<\/p>\n<p>18<\/p>\n<p>escolas privadas classificadas nos 20 primeiros lugares do ranking nacional elaborado com base nos resultados dos exames nacionais. Em 2002, havia 20 escolas privadas nos primeiros 50 lugares do ranking contra 30 p\u00fablicas. Em 2010, h\u00e1 37 privadas contra 13 p\u00fablicas.<\/p>\n<p>Fontes: Imprensa di\u00e1ria nacional e www.pordata.pt.<\/p>\n","protected":false},"excerpt":{"rendered":"<p>126 mil hectares de floresta e matos ardidos at\u00e9 ao final de Setembro deste ano. Est\u00e1 a ser o pior ano desde 2005. Na \u00faltima d\u00e9cada, o ano com mais \u00e1rea ardida \u00e9 2003, com 426 mil hectares ardidos, seguido de 2005, 338 mil. 14 n\u00famero de crian\u00e7as e jovens que, por dia, sofrem acidentes [&hellip;]<\/p>\n","protected":false},"author":1,"featured_media":0,"comment_status":"open","ping_status":"open","sticky":false,"template":"","format":"standard","meta":{"footnotes":""},"categories":[56],"tags":[],"class_list":["post-2971","post","type-post","status-publish","format-standard","hentry","category-almanaque"],"_links":{"self":[{"href":"https:\/\/sites.ecclesia.pt\/cv\/wp-json\/wp\/v2\/posts\/2971","targetHints":{"allow":["GET"]}}],"collection":[{"href":"https:\/\/sites.ecclesia.pt\/cv\/wp-json\/wp\/v2\/posts"}],"about":[{"href":"https:\/\/sites.ecclesia.pt\/cv\/wp-json\/wp\/v2\/types\/post"}],"author":[{"embeddable":true,"href":"https:\/\/sites.ecclesia.pt\/cv\/wp-json\/wp\/v2\/users\/1"}],"replies":[{"embeddable":true,"href":"https:\/\/sites.ecclesia.pt\/cv\/wp-json\/wp\/v2\/comments?post=2971"}],"version-history":[{"count":0,"href":"https:\/\/sites.ecclesia.pt\/cv\/wp-json\/wp\/v2\/posts\/2971\/revisions"}],"wp:attachment":[{"href":"https:\/\/sites.ecclesia.pt\/cv\/wp-json\/wp\/v2\/media?parent=2971"}],"wp:term":[{"taxonomy":"category","embeddable":true,"href":"https:\/\/sites.ecclesia.pt\/cv\/wp-json\/wp\/v2\/categories?post=2971"},{"taxonomy":"post_tag","embeddable":true,"href":"https:\/\/sites.ecclesia.pt\/cv\/wp-json\/wp\/v2\/tags?post=2971"}],"curies":[{"name":"wp","href":"https:\/\/api.w.org\/{rel}","templated":true}]}}