{"id":2973,"date":"2010-10-20T10:21:00","date_gmt":"2010-10-20T10:21:00","guid":{"rendered":"http:\/\/localhost:81\/wp1\/?p=2973"},"modified":"2010-10-20T10:21:00","modified_gmt":"2010-10-20T10:21:00","slug":"austeridade-recusada","status":"publish","type":"post","link":"https:\/\/sites.ecclesia.pt\/cv\/austeridade-recusada\/","title":{"rendered":"Austeridade recusada"},"content":{"rendered":"<p>Quest\u00f5es Sociais <!--more--> As medidas de austeridade, anunciadas no final de Setembro, v\u00eam sendo objecto de contesta\u00e7\u00f5es v\u00e1rias; contesta-se, em especial, o agravamento das condi\u00e7\u00f5es de vida, sobretudo da popula\u00e7\u00e3o com menor rendimento. Este agravamento configura-se mais preocupante porque n\u00e3o foram adoptadas provid\u00eancias compensat\u00f3rias a favor, pelo menos, dessa popula\u00e7\u00e3o; e, mais preocupante ainda, porque o Governo e todo o pa\u00eds continuam a menosprezar a ac\u00e7\u00e3o social menos dispendiosa e mais pr\u00f3xima das pessoas necessitadas (cf. o artigo anterior). <\/p>\n<p>Todas as for\u00e7as pol\u00edtico-sociais se rebelaram contra as medidas; e todas t\u00eam alguma raz\u00e3o, que talvez se situe entre os 49 e os 51 por cento (passe o rid\u00edculo da percentagem): t\u00eam raz\u00e3o, atendendo \u00e0 gravidade das medidas, \u00e0 injusti\u00e7a de algumas delas e \u00e0 falta de outras mais promotoras de justi\u00e7a; por\u00e9m, a raz\u00e3o n\u00e3o \u00e9 total porque essas for\u00e7as, tal como uma parte significativa dos cidad\u00e3os, n\u00e3o assumem a sua quota-parte de responsabilidade. Com efeito, nenhuma delas formulou, at\u00e9 agora (10 de Outubro), propostas alternativas claras e consistentes. At\u00e9 se pode afirmar que o Governo, se tivesse por base um partido diferente do actual, teria adoptado, provavelmente, medidas muito semelhantes a estas&#8230; que seriam contestadas pelo actual partido no poder. <\/p>\n<p>Ao longo de mais de trinta anos de democracia, o or\u00e7amento do Estado foi sempre objecto de diverg\u00eancias profundas. Mesmo assim, nenhum partido elaborou o seu quadro or\u00e7amental alternativo; note-se que o quadro or\u00e7amental n\u00e3o seria um or\u00e7amento completo, mas t\u00e3o somente a quantifica\u00e7\u00e3o financeira de grandes rubricas, feita de tal maneira que n\u00e3o deixasse de fora nenhuma despesa nem nenhum receita. Tamb\u00e9m os economistas, os investigadores de economia, particularmente os de finan\u00e7as p\u00fablicas, as centrais sindicais e patronais&#8230; est\u00e3o claramente em d\u00edvida: eles s\u00e3o, ou podem ter a colabora\u00e7\u00e3o, das pessoas mais qualificadas para a concep\u00e7\u00e3o de quadros or\u00e7amentais de base cient\u00edfica. At\u00e9 os poderiam elaborar de acordo com diferentes orienta\u00e7\u00f5es pol\u00edticas; e, com a coopera\u00e7\u00e3o de polit\u00f3logos e de outros peritos, poderiam mostrar as vantagens e os inconvenientes de cada uma dessas orienta\u00e7\u00f5es. Por\u00e9m, ao contr\u00e1rio disto, parece que preferem deleitar-se, morbidamente, na espiral contestat\u00e1ria. Procedem como se bastasse a contesta\u00e7\u00e3o para cumprirem o seu dever&#8230; e para que os problemas do pa\u00eds se resolvam.<\/p>\n","protected":false},"excerpt":{"rendered":"<p>Quest\u00f5es Sociais<\/p>\n","protected":false},"author":1,"featured_media":0,"comment_status":"open","ping_status":"open","sticky":false,"template":"","format":"standard","meta":{"footnotes":""},"categories":[62],"tags":[],"class_list":["post-2973","post","type-post","status-publish","format-standard","hentry","category-opiniao"],"_links":{"self":[{"href":"https:\/\/sites.ecclesia.pt\/cv\/wp-json\/wp\/v2\/posts\/2973","targetHints":{"allow":["GET"]}}],"collection":[{"href":"https:\/\/sites.ecclesia.pt\/cv\/wp-json\/wp\/v2\/posts"}],"about":[{"href":"https:\/\/sites.ecclesia.pt\/cv\/wp-json\/wp\/v2\/types\/post"}],"author":[{"embeddable":true,"href":"https:\/\/sites.ecclesia.pt\/cv\/wp-json\/wp\/v2\/users\/1"}],"replies":[{"embeddable":true,"href":"https:\/\/sites.ecclesia.pt\/cv\/wp-json\/wp\/v2\/comments?post=2973"}],"version-history":[{"count":0,"href":"https:\/\/sites.ecclesia.pt\/cv\/wp-json\/wp\/v2\/posts\/2973\/revisions"}],"wp:attachment":[{"href":"https:\/\/sites.ecclesia.pt\/cv\/wp-json\/wp\/v2\/media?parent=2973"}],"wp:term":[{"taxonomy":"category","embeddable":true,"href":"https:\/\/sites.ecclesia.pt\/cv\/wp-json\/wp\/v2\/categories?post=2973"},{"taxonomy":"post_tag","embeddable":true,"href":"https:\/\/sites.ecclesia.pt\/cv\/wp-json\/wp\/v2\/tags?post=2973"}],"curies":[{"name":"wp","href":"https:\/\/api.w.org\/{rel}","templated":true}]}}