{"id":2974,"date":"2010-10-20T10:22:00","date_gmt":"2010-10-20T10:22:00","guid":{"rendered":"http:\/\/localhost:81\/wp1\/?p=2974"},"modified":"2010-10-20T10:22:00","modified_gmt":"2010-10-20T10:22:00","slug":"na-imprensa-35","status":"publish","type":"post","link":"https:\/\/sites.ecclesia.pt\/cv\/na-imprensa-35\/","title":{"rendered":"Na imprensa"},"content":{"rendered":"<p>N\u00e3o h\u00e1 salvadores da p\u00e1tria. N\u00e3o os queremos, trazem sempre mais tirania e menos democracia. Somos n\u00f3s todos que podemos tirar o pa\u00eds do actual impasse.<\/p>\n<p>Ana Benavente<\/p>\n<p>P\u00fablico, 14-10-2010<\/p>\n<p>(\u2026) O que h\u00e1 de formid\u00e1vel nesta hist\u00f3ria com um final feliz \u00e9 o facto de ser a hist\u00f3ria de um pa\u00eds que se supera a si pr\u00f3prio. Em vez de se resignar \u00e0 trag\u00e9dia, o Chile reagiu, fez frente \u00e0 adversidade. Embarcou numa miss\u00e3o que parecia imposs\u00edvel e encontrou uma solu\u00e7\u00e3o para resgatar os mineiros que talvez venha a servir para salvar muitas outras vidas noutros pontos do globo. A energia que moveu o Chile foi emotiva: a convic\u00e7\u00e3o de que todos deviam ser um s\u00f3 para n\u00e3o deixar aqueles homens morrer. A emo\u00e7\u00e3o tornou-se uma for\u00e7a pol\u00edtica e \u00e9 isso que torna ainda mais extraordin\u00e1ria esta hist\u00f3ria humana.<\/p>\n<p>Editorial<\/p>\n<p>P\u00fablico, 14-10-2010<\/p>\n<p>Nunca em Portugal as elites prestam contas ao povo dos resultados do que lhe pedem. O mais que fazem \u00e9 promoverem mudan\u00e7as de regime em que acusam os anteriores governantes de terem enganado o povo.<\/p>\n<p>Helena Matos<\/p>\n<p>P\u00fablico, 14-10-2010<\/p>\n<p>A virtude pol\u00edtica, tanto neste conc\u00edlio [Vaticano II] como em Jo\u00e3o Paulo II, \u00e9 apresentada em termos de caridade pol\u00edtica, de cultura samaritana, de civiliza\u00e7\u00e3o do amor. N\u00e3o se trata, por\u00e9m, de caridade assistencialista, mas da caridade exercida atrav\u00e9s das estruturas e dos servi\u00e7os p\u00fablicos.<\/p>\n<p>Bento Domingues<\/p>\n<p>P\u00fablico, 10-10-2010<\/p>\n<p>O sistema democr\u00e1tico portugu\u00eas \u00e9 o \u00fanico que n\u00e3o consegue encontrar solu\u00e7\u00f5es de estabilidade pol\u00edtica.<\/p>\n<p>Jo\u00e3o Marques de Almeida<\/p>\n<p>Di\u00e1rio Econ\u00f3mico, 12-10-2010<\/p>\n","protected":false},"excerpt":{"rendered":"<p>N\u00e3o h\u00e1 salvadores da p\u00e1tria. N\u00e3o os queremos, trazem sempre mais tirania e menos democracia. Somos n\u00f3s todos que podemos tirar o pa\u00eds do actual impasse. Ana Benavente P\u00fablico, 14-10-2010 (\u2026) O que h\u00e1 de formid\u00e1vel nesta hist\u00f3ria com um final feliz \u00e9 o facto de ser a hist\u00f3ria de um pa\u00eds que se supera [&hellip;]<\/p>\n","protected":false},"author":1,"featured_media":0,"comment_status":"open","ping_status":"open","sticky":false,"template":"","format":"standard","meta":{"footnotes":""},"categories":[62],"tags":[],"class_list":["post-2974","post","type-post","status-publish","format-standard","hentry","category-opiniao"],"_links":{"self":[{"href":"https:\/\/sites.ecclesia.pt\/cv\/wp-json\/wp\/v2\/posts\/2974","targetHints":{"allow":["GET"]}}],"collection":[{"href":"https:\/\/sites.ecclesia.pt\/cv\/wp-json\/wp\/v2\/posts"}],"about":[{"href":"https:\/\/sites.ecclesia.pt\/cv\/wp-json\/wp\/v2\/types\/post"}],"author":[{"embeddable":true,"href":"https:\/\/sites.ecclesia.pt\/cv\/wp-json\/wp\/v2\/users\/1"}],"replies":[{"embeddable":true,"href":"https:\/\/sites.ecclesia.pt\/cv\/wp-json\/wp\/v2\/comments?post=2974"}],"version-history":[{"count":0,"href":"https:\/\/sites.ecclesia.pt\/cv\/wp-json\/wp\/v2\/posts\/2974\/revisions"}],"wp:attachment":[{"href":"https:\/\/sites.ecclesia.pt\/cv\/wp-json\/wp\/v2\/media?parent=2974"}],"wp:term":[{"taxonomy":"category","embeddable":true,"href":"https:\/\/sites.ecclesia.pt\/cv\/wp-json\/wp\/v2\/categories?post=2974"},{"taxonomy":"post_tag","embeddable":true,"href":"https:\/\/sites.ecclesia.pt\/cv\/wp-json\/wp\/v2\/tags?post=2974"}],"curies":[{"name":"wp","href":"https:\/\/api.w.org\/{rel}","templated":true}]}}