{"id":3,"date":"2006-04-03T14:44:00","date_gmt":"2006-04-03T14:44:00","guid":{"rendered":"http:\/\/localhost:81\/wp1\/?p=3"},"modified":"2006-04-03T14:44:00","modified_gmt":"2006-04-03T14:44:00","slug":"grupos-de-reflexao","status":"publish","type":"post","link":"https:\/\/sites.ecclesia.pt\/cv\/grupos-de-reflexao\/","title":{"rendered":"Grupos de Reflex\u00e3o"},"content":{"rendered":"<p>C\u00e1ritas Diocesana<\/p>\n<p>  <!--more-->  <\/p>\n<p>No pr\u00f3ximo s\u00e1bado, 11 de Outubro, pelas 15 horas, no Sal\u00e3o de S. Domingos, v\u00e3o reunir-se as direc\u00e7\u00f5es dos grupos sociocaritativos ligados \u00e0 C\u00e1ritas Diocesana, para reflectirem sobre o programa do ano pastoral agora iniciado, tendo em vista, tamb\u00e9m, estudar a melhor forma de dinamizar e criar novos grupos de ac\u00e7\u00e3o social e caritativa.<\/p>\n","protected":false},"excerpt":{"rendered":"<p>C\u00e1ritas Diocesana<\/p>\n","protected":false},"author":1,"featured_media":0,"comment_status":"open","ping_status":"open","sticky":false,"template":"","format":"standard","meta":{"footnotes":""},"categories":[70],"tags":[],"class_list":["post-3","post","type-post","status-publish","format-standard","hentry","category-diocese"],"_links":{"self":[{"href":"https:\/\/sites.ecclesia.pt\/cv\/wp-json\/wp\/v2\/posts\/3","targetHints":{"allow":["GET"]}}],"collection":[{"href":"https:\/\/sites.ecclesia.pt\/cv\/wp-json\/wp\/v2\/posts"}],"about":[{"href":"https:\/\/sites.ecclesia.pt\/cv\/wp-json\/wp\/v2\/types\/post"}],"author":[{"embeddable":true,"href":"https:\/\/sites.ecclesia.pt\/cv\/wp-json\/wp\/v2\/users\/1"}],"replies":[{"embeddable":true,"href":"https:\/\/sites.ecclesia.pt\/cv\/wp-json\/wp\/v2\/comments?post=3"}],"version-history":[{"count":0,"href":"https:\/\/sites.ecclesia.pt\/cv\/wp-json\/wp\/v2\/posts\/3\/revisions"}],"wp:attachment":[{"href":"https:\/\/sites.ecclesia.pt\/cv\/wp-json\/wp\/v2\/media?parent=3"}],"wp:term":[{"taxonomy":"category","embeddable":true,"href":"https:\/\/sites.ecclesia.pt\/cv\/wp-json\/wp\/v2\/categories?post=3"},{"taxonomy":"post_tag","embeddable":true,"href":"https:\/\/sites.ecclesia.pt\/cv\/wp-json\/wp\/v2\/tags?post=3"}],"curies":[{"name":"wp","href":"https:\/\/api.w.org\/{rel}","templated":true}]}}