{"id":3158,"date":"2010-12-02T14:34:00","date_gmt":"2010-12-02T14:34:00","guid":{"rendered":"http:\/\/localhost:81\/wp1\/?p=3158"},"modified":"2010-12-02T14:34:00","modified_gmt":"2010-12-02T14:34:00","slug":"embriao-e-um-novo-ser-vivo-nao-um-amontoado-de-material-biologico","status":"publish","type":"post","link":"https:\/\/sites.ecclesia.pt\/cv\/embriao-e-um-novo-ser-vivo-nao-um-amontoado-de-material-biologico\/","title":{"rendered":"Embri\u00e3o \u00e9 um novo ser vivo, n\u00e3o um &#8220;amontoado de material biol\u00f3gico&#8221;"},"content":{"rendered":"<p>O Papa pediu aos \u00abprotagonistas da pol\u00edtica, da economia e da comunica\u00e7\u00e3o social\u00bb uma cultura \u00abrespeitadora da vida\u00bb<\/p>\n<p>O ser humano tem o direito a n\u00e3o ser tratado como um \u201cobjecto\u201d que se possui ou que se possa \u201cmanipular\u201d, afirmou o Papa na \u201cVig\u00edlia pela Vida Nascente\u201d, celebrada no dia 27 de Novembro, no Vaticano.<\/p>\n<p>\u201cH\u00e1 correntes culturais que procuram anestesiar as consci\u00eancias com motiva\u00e7\u00f5es enganadoras\u201d, denunciou Bento XVI, sublinhando que o embri\u00e3o no ventre materno \u201cn\u00e3o \u00e9 um amontoado de material biol\u00f3gico\u201d, mas um \u201cnovo ser vivo\u201d.<\/p>\n<p>\u201cMesmo depois do nascimento \u2013 acentuou o Papa \u2013 a vida das crian\u00e7as continua a ser exposta ao abandono, \u00e0 fome, \u00e0 mis\u00e9ria, \u00e0 doen\u00e7a, aos abusos, \u00e0 viol\u00eancia, \u00e0 explora\u00e7\u00e3o. As m\u00faltiplas viola\u00e7\u00f5es dos seus direitos que se cometem no mundo ferem dolorosamente a consci\u00eancia de todos os homens de boa vontade.\u201d<\/p>\n<p>Perante \u201co triste panorama das injusti\u00e7as cometidas contra a vida do homem, antes e depois do nascimento\u201d, Bento XVI lembrou o apelo feito pelo Papa Jo\u00e3o Paulo II na sua enc\u00edclica \u201cO Evangelho da Vida\u201d: \u201cRespeita, defende, ama e serve a vida, cada vida humana! Unicamente por esta estrada, encontrar\u00e1s justi\u00e7a, progresso, verdadeira liberdade, paz e felicidade!\u201d.<\/p>\n<p>Cada pessoa, \u201cirrepet\u00edvel e insubstitu\u00edvel\u201d, \u00e9 o \u201cv\u00e9rtice de todas as realidades terrenas\u201d, pelo que \u201cmerece ser acolhida sempre com respeito e amor\u201d, defendeu o Papa, acrescentando que o ser humano n\u00e3o pode ser \u201creduzido a um mero instrumento para o benef\u00edcio dos outros e dos seus interesses\u201d.<\/p>\n<p>\u201cO amor por todos, se \u00e9 sincero, tende naturalmente a tornar-se numa aten\u00e7\u00e3o preferencial pelos mais fracos e pobres\u201d, sendo \u00e0 luz desta perspectiva que a Igreja se preocupa pela vida nascente, \u201ca mais fr\u00e1gil, a mais amea\u00e7ada pelo ego\u00edsmo dos adultos e pelo obscurecimento da consci\u00eancia\u201d, disse Bento XVI.<\/p>\n<p>O Papa pediu aos \u201cprotagonistas da pol\u00edtica, da economia e da comunica\u00e7\u00e3o social\u201d para fazerem tudo o que estiver ao seu alcance na promo\u00e7\u00e3o de \u201cuma cultura sempre respeitadora da vida humana\u201d, proporcionando-lhe \u201ccondi\u00e7\u00f5es favor\u00e1veis\u201d e \u201credes de apoio ao seu acolhimento e desenvolvimento\u201d.<\/p>\n<p>Apelo aos legisladores<\/p>\n<p>Na \u201cOra\u00e7\u00e3o pela Vida\u201d, Bento XVI invocou a ac\u00e7\u00e3o do \u201cEsp\u00edrito\u201d para iluminar as decis\u00f5es dos legisladores, a fim de que \u201cos povos e as na\u00e7\u00f5es reconhe\u00e7am e respeitem a sacralidade da vida, de toda a vida humana\u201d.<\/p>\n<p>\u201cGuia a obra dos cientistas e dos m\u00e9dicos, para que o progresso contribua para o bem integral da pessoa e ningu\u00e9m sofra a elimina\u00e7\u00e3o e a injusti\u00e7a\u201d, pediu o Papa ao dirigir-se a Deus, a quem suplicou que desse \u201ccaridade criativa aos gestores e economistas, para que saibam intuir e promover as condi\u00e7\u00f5es necess\u00e1rias para que as jovens fam\u00edlias possam serenamente abrir-se ao nascimento de novos filhos\u201d.<\/p>\n<p>A vig\u00edlia, que marcou o in\u00edcio do Advento e do novo ano lit\u00fargico, come\u00e7ou com a leitura de cinco excertos da enc\u00edclica \u201cO Evangelho da Vida\u201d, documento dedicado ao \u201cvalor\u201d e \u00e0 \u201cinviolabilidade\u201d da vida humana.<\/p>\n<p>Bento XVI saudou todas as pessoas e estruturas da Igreja Cat\u00f3lica que aderiram ao seu convite para esta Vig\u00edlia \u2013 v\u00e1rias dioceses portuguesas agendaram celebra\u00e7\u00f5es semelhantes \u2013 e agradeceu \u201ca todos quantos se dedicam especificamente a acolher e a proteger a vida humana nas diversas situa\u00e7\u00f5es de fragilidade, em particular nos seus in\u00edcios e nos seus primeiros passos\u201d.<\/p>\n","protected":false},"excerpt":{"rendered":"<p>O Papa pediu aos \u00abprotagonistas da pol\u00edtica, da economia e da comunica\u00e7\u00e3o social\u00bb uma cultura \u00abrespeitadora da vida\u00bb O ser humano tem o direito a n\u00e3o ser tratado como um \u201cobjecto\u201d que se possui ou que se possa \u201cmanipular\u201d, afirmou o Papa na \u201cVig\u00edlia pela Vida Nascente\u201d, celebrada no dia 27 de Novembro, no Vaticano. [&hellip;]<\/p>\n","protected":false},"author":1,"featured_media":0,"comment_status":"open","ping_status":"open","sticky":false,"template":"","format":"standard","meta":{"footnotes":""},"categories":[55],"tags":[],"class_list":["post-3158","post","type-post","status-publish","format-standard","hentry","category-igreja-no-mundo"],"_links":{"self":[{"href":"https:\/\/sites.ecclesia.pt\/cv\/wp-json\/wp\/v2\/posts\/3158","targetHints":{"allow":["GET"]}}],"collection":[{"href":"https:\/\/sites.ecclesia.pt\/cv\/wp-json\/wp\/v2\/posts"}],"about":[{"href":"https:\/\/sites.ecclesia.pt\/cv\/wp-json\/wp\/v2\/types\/post"}],"author":[{"embeddable":true,"href":"https:\/\/sites.ecclesia.pt\/cv\/wp-json\/wp\/v2\/users\/1"}],"replies":[{"embeddable":true,"href":"https:\/\/sites.ecclesia.pt\/cv\/wp-json\/wp\/v2\/comments?post=3158"}],"version-history":[{"count":0,"href":"https:\/\/sites.ecclesia.pt\/cv\/wp-json\/wp\/v2\/posts\/3158\/revisions"}],"wp:attachment":[{"href":"https:\/\/sites.ecclesia.pt\/cv\/wp-json\/wp\/v2\/media?parent=3158"}],"wp:term":[{"taxonomy":"category","embeddable":true,"href":"https:\/\/sites.ecclesia.pt\/cv\/wp-json\/wp\/v2\/categories?post=3158"},{"taxonomy":"post_tag","embeddable":true,"href":"https:\/\/sites.ecclesia.pt\/cv\/wp-json\/wp\/v2\/tags?post=3158"}],"curies":[{"name":"wp","href":"https:\/\/api.w.org\/{rel}","templated":true}]}}