{"id":3159,"date":"2010-12-02T14:36:00","date_gmt":"2010-12-02T14:36:00","guid":{"rendered":"http:\/\/localhost:81\/wp1\/?p=3159"},"modified":"2010-12-02T14:36:00","modified_gmt":"2010-12-02T14:36:00","slug":"bento-xvi-realca-qualidades-do-cardeal-urbano-navarrete","status":"publish","type":"post","link":"https:\/\/sites.ecclesia.pt\/cv\/bento-xvi-realca-qualidades-do-cardeal-urbano-navarrete\/","title":{"rendered":"Bento XVI real\u00e7a qualidades do cardeal Urbano Navarrete"},"content":{"rendered":"<p>D. Angelo Sodano, decano do col\u00e9gio cardinal\u00edcio, presidiu \u00e0s ex\u00e9quias do reitor em\u00e9rito da Universidade Pontif\u00edcia Gregoriana, o cardeal espanhol Urbano Navarrete, que faleceu no dia 22 de Novembro com 90 anos, sendo dos poucos cardeais que n\u00e3o foi bispo.<\/p>\n<p>No final da missa, Bento XVI dirigiu o rito da \u00faltima encomenda\u00e7\u00e3o do religioso jesu\u00edta, tendo recordado que ele foi um \u201cmestre de justi\u00e7a\u201d para quem \u201co estudo escrupuloso e o ensino apaixonado do Direito Can\u00f3nico representaram um elemento central da sua vida\u201d.<\/p>\n","protected":false},"excerpt":{"rendered":"<p>D. Angelo Sodano, decano do col\u00e9gio cardinal\u00edcio, presidiu \u00e0s ex\u00e9quias do reitor em\u00e9rito da Universidade Pontif\u00edcia Gregoriana, o cardeal espanhol Urbano Navarrete, que faleceu no dia 22 de Novembro com 90 anos, sendo dos poucos cardeais que n\u00e3o foi bispo. No final da missa, Bento XVI dirigiu o rito da \u00faltima encomenda\u00e7\u00e3o do religioso jesu\u00edta, [&hellip;]<\/p>\n","protected":false},"author":1,"featured_media":0,"comment_status":"open","ping_status":"open","sticky":false,"template":"","format":"standard","meta":{"footnotes":""},"categories":[55],"tags":[],"class_list":["post-3159","post","type-post","status-publish","format-standard","hentry","category-igreja-no-mundo"],"_links":{"self":[{"href":"https:\/\/sites.ecclesia.pt\/cv\/wp-json\/wp\/v2\/posts\/3159","targetHints":{"allow":["GET"]}}],"collection":[{"href":"https:\/\/sites.ecclesia.pt\/cv\/wp-json\/wp\/v2\/posts"}],"about":[{"href":"https:\/\/sites.ecclesia.pt\/cv\/wp-json\/wp\/v2\/types\/post"}],"author":[{"embeddable":true,"href":"https:\/\/sites.ecclesia.pt\/cv\/wp-json\/wp\/v2\/users\/1"}],"replies":[{"embeddable":true,"href":"https:\/\/sites.ecclesia.pt\/cv\/wp-json\/wp\/v2\/comments?post=3159"}],"version-history":[{"count":0,"href":"https:\/\/sites.ecclesia.pt\/cv\/wp-json\/wp\/v2\/posts\/3159\/revisions"}],"wp:attachment":[{"href":"https:\/\/sites.ecclesia.pt\/cv\/wp-json\/wp\/v2\/media?parent=3159"}],"wp:term":[{"taxonomy":"category","embeddable":true,"href":"https:\/\/sites.ecclesia.pt\/cv\/wp-json\/wp\/v2\/categories?post=3159"},{"taxonomy":"post_tag","embeddable":true,"href":"https:\/\/sites.ecclesia.pt\/cv\/wp-json\/wp\/v2\/tags?post=3159"}],"curies":[{"name":"wp","href":"https:\/\/api.w.org\/{rel}","templated":true}]}}