{"id":3179,"date":"2010-12-02T14:35:00","date_gmt":"2010-12-02T14:35:00","guid":{"rendered":"http:\/\/localhost:81\/wp1\/?p=3179"},"modified":"2010-12-02T14:35:00","modified_gmt":"2010-12-02T14:35:00","slug":"vaticano-apresentou-fundacao-joseph-ratzinger","status":"publish","type":"post","link":"https:\/\/sites.ecclesia.pt\/cv\/vaticano-apresentou-fundacao-joseph-ratzinger\/","title":{"rendered":"Vaticano apresentou \u00abFunda\u00e7\u00e3o Joseph Ratzinger\u00bb"},"content":{"rendered":"<p>A Santa S\u00e9 apresentou no dia 26 de Novembro, em confer\u00eancia de imprensa, a Funda\u00e7\u00e3o \u201cJoseph Ratzinger \u2013 Bento XVI\u201d, destinada a divulgar o pensamento do Papa.<\/p>\n<p>Com os jornalistas estiveram o cardeal Camillo Ruini, presidente do seu comit\u00e9 cient\u00edfico, D. Giuseppe Antonio Scotti (l\u00edder da editora do Vaticano), presidente da Funda\u00e7\u00e3o, e o padre Stephan Otto Horn, presidente da chamada \u201cRatzinger Sch\u00fclerkreis\u201d, que re\u00fane os antigos alunos de doutoramento e p\u00f3s-doutoramento do actual Papa.<\/p>\n","protected":false},"excerpt":{"rendered":"<p>A Santa S\u00e9 apresentou no dia 26 de Novembro, em confer\u00eancia de imprensa, a Funda\u00e7\u00e3o \u201cJoseph Ratzinger \u2013 Bento XVI\u201d, destinada a divulgar o pensamento do Papa. Com os jornalistas estiveram o cardeal Camillo Ruini, presidente do seu comit\u00e9 cient\u00edfico, D. Giuseppe Antonio Scotti (l\u00edder da editora do Vaticano), presidente da Funda\u00e7\u00e3o, e o padre [&hellip;]<\/p>\n","protected":false},"author":1,"featured_media":0,"comment_status":"open","ping_status":"open","sticky":false,"template":"","format":"standard","meta":{"footnotes":""},"categories":[55],"tags":[],"class_list":["post-3179","post","type-post","status-publish","format-standard","hentry","category-igreja-no-mundo"],"_links":{"self":[{"href":"https:\/\/sites.ecclesia.pt\/cv\/wp-json\/wp\/v2\/posts\/3179","targetHints":{"allow":["GET"]}}],"collection":[{"href":"https:\/\/sites.ecclesia.pt\/cv\/wp-json\/wp\/v2\/posts"}],"about":[{"href":"https:\/\/sites.ecclesia.pt\/cv\/wp-json\/wp\/v2\/types\/post"}],"author":[{"embeddable":true,"href":"https:\/\/sites.ecclesia.pt\/cv\/wp-json\/wp\/v2\/users\/1"}],"replies":[{"embeddable":true,"href":"https:\/\/sites.ecclesia.pt\/cv\/wp-json\/wp\/v2\/comments?post=3179"}],"version-history":[{"count":0,"href":"https:\/\/sites.ecclesia.pt\/cv\/wp-json\/wp\/v2\/posts\/3179\/revisions"}],"wp:attachment":[{"href":"https:\/\/sites.ecclesia.pt\/cv\/wp-json\/wp\/v2\/media?parent=3179"}],"wp:term":[{"taxonomy":"category","embeddable":true,"href":"https:\/\/sites.ecclesia.pt\/cv\/wp-json\/wp\/v2\/categories?post=3179"},{"taxonomy":"post_tag","embeddable":true,"href":"https:\/\/sites.ecclesia.pt\/cv\/wp-json\/wp\/v2\/tags?post=3179"}],"curies":[{"name":"wp","href":"https:\/\/api.w.org\/{rel}","templated":true}]}}