{"id":32,"date":"2006-04-03T14:44:00","date_gmt":"2006-04-03T14:44:00","guid":{"rendered":"http:\/\/localhost:81\/wp1\/?p=32"},"modified":"2006-04-03T14:44:00","modified_gmt":"2006-04-03T14:44:00","slug":"familia-tema-improprio-para-reflectir-no-verao","status":"publish","type":"post","link":"https:\/\/sites.ecclesia.pt\/cv\/familia-tema-improprio-para-reflectir-no-verao\/","title":{"rendered":"Fam\u00edlia, tema impr\u00f3prio para reflectir no Ver\u00e3o?"},"content":{"rendered":"<p>Assim me foi insinuado, ao anunciar o tema dos encontros de este ano, nas praias e nas termas. N\u00e3o faltou quem pensasse de modo contr\u00e1rio, e tenha disposto a sua vida para participar no ser\u00e3o que se prop\u00f4s sobre o tema. <\/p>\n<p>No ser\u00e3o habitual que fa\u00e7o j\u00e1 nas minhas pr\u00f3prias f\u00e9rias, como a testar o assunto, e nos realizados a seguir durante o m\u00eas de Agosto, ao todo oito, participaram \u00e0 volta de quatrocentas pessoas. Pouco? Muito? O n\u00famero \u00e9 sempre relativo se se comparar com o interesse manifestado e os problemas levantados pelos participantes, muitos deles oriundos de v\u00e1rias zonas do Pa\u00eds e que j\u00e1 n\u00e3o dispensam esta actividade de f\u00e9rias. O tema foi, pois, a fam\u00edlia, apesar do ver\u00e3o\u2026<\/p>\n<p>A fam\u00edlia, fragilizada por muitas causas que, de dentro e de fora, a atingem na sua vida di\u00e1ria, volta a sentir-se a institui\u00e7\u00e3o com ra\u00edzes mais profundas nas pessoas, e com capacidades de espa\u00e7o e ambiente educativo, que nenhuma outra institui\u00e7\u00e3o se lhe compara. <\/p>\n<p>Parece, por\u00e9m, cada vez mais claro que, dadas as mudan\u00e7as socioculturais, se os membros da fam\u00edlia n\u00e3o se sabem colocar e agir, de modo positivo e criativo, nestas mudan\u00e7as, que exigem deles novo estilo de rela\u00e7\u00e3o e revis\u00e3o cont\u00ednua das tarefas familiares, a fragilidade aumenta, os conflitos sucedem-se e uma desagrega\u00e7\u00e3o inevit\u00e1vel acelera cada dia mais.<\/p>\n<p>N\u00e3o se pode mais pensar a fam\u00edlia, como se houvesse um \u00fanico padr\u00e3o, o tradicional de cariz religioso. O familiar n\u00e3o \u00e9 mais patrim\u00f3nio de ningu\u00e9m, mas uma viv\u00eancia social diversificada. Todas as express\u00f5es de fam\u00edlia comportam aspectos fortes e d\u00e9beis. N\u00e3o se divorciam apenas os que casam civilmente, mas tamb\u00e9m, e em grande n\u00famero, os que casam na igreja. H\u00e1 problemas de rela\u00e7\u00e3o, de educa\u00e7\u00e3o, de transmiss\u00e3o de valores, em todas as fam\u00edlias. De igual modo, h\u00e1, em todas, express\u00f5es de amor, de disponibilidade, de acolhimento da vida e de respeito pelas pessoas. <\/p>\n<p>Tudo isto nos vai mostrando que os valores fundamentais, tal como os deveres familiares normais, se podem encontrar em todo o lado.<\/p>\n<p>Emerge, no entanto, uma exig\u00eancia dupla: o dever de defesa e de promo\u00e7\u00e3o da fam\u00edlia, por parte de todas as entidades e ideologias pol\u00edticas, sem excep\u00e7\u00e3o; a aten\u00e7\u00e3o a alguns valores, hoje mais urgentes, a transmitir no seio da fam\u00edlia, em parceria e com o apoio das outras inst\u00e2ncias educativas. E quais s\u00e3o estes valores? Dada a debilidade da fam\u00edlia e da sociedade, educar para a liberta\u00e7\u00e3o, para a justi\u00e7a e para a solidariedade, \u00e9 a exig\u00eancia educativa mais evidente. Se as pessoas n\u00e3o forem progressivamente mais livres, justas e solid\u00e1rias, toda a rela\u00e7\u00e3o pessoal \u00e9 inconsistente e os conflitos normais, familiares e sociais, multiplicam-se sem solu\u00e7\u00e3o \u00e0 vista. Em cada conflito nota-se a falha destes valores, indispens\u00e1veis para que a fam\u00edlia, qualquer fam\u00edlia, bem como a sociedade, tenham futuro.<\/p>\n","protected":false},"excerpt":{"rendered":"<p>Assim me foi insinuado, ao anunciar o tema dos encontros de este ano, nas praias e nas termas. N\u00e3o faltou quem pensasse de modo contr\u00e1rio, e tenha disposto a sua vida para participar no ser\u00e3o que se prop\u00f4s sobre o tema. No ser\u00e3o habitual que fa\u00e7o j\u00e1 nas minhas pr\u00f3prias f\u00e9rias, como a testar o [&hellip;]<\/p>\n","protected":false},"author":1,"featured_media":0,"comment_status":"open","ping_status":"open","sticky":false,"template":"","format":"standard","meta":{"footnotes":""},"categories":[38],"tags":[],"class_list":["post-32","post","type-post","status-publish","format-standard","hentry","category-destaque"],"_links":{"self":[{"href":"https:\/\/sites.ecclesia.pt\/cv\/wp-json\/wp\/v2\/posts\/32","targetHints":{"allow":["GET"]}}],"collection":[{"href":"https:\/\/sites.ecclesia.pt\/cv\/wp-json\/wp\/v2\/posts"}],"about":[{"href":"https:\/\/sites.ecclesia.pt\/cv\/wp-json\/wp\/v2\/types\/post"}],"author":[{"embeddable":true,"href":"https:\/\/sites.ecclesia.pt\/cv\/wp-json\/wp\/v2\/users\/1"}],"replies":[{"embeddable":true,"href":"https:\/\/sites.ecclesia.pt\/cv\/wp-json\/wp\/v2\/comments?post=32"}],"version-history":[{"count":0,"href":"https:\/\/sites.ecclesia.pt\/cv\/wp-json\/wp\/v2\/posts\/32\/revisions"}],"wp:attachment":[{"href":"https:\/\/sites.ecclesia.pt\/cv\/wp-json\/wp\/v2\/media?parent=32"}],"wp:term":[{"taxonomy":"category","embeddable":true,"href":"https:\/\/sites.ecclesia.pt\/cv\/wp-json\/wp\/v2\/categories?post=32"},{"taxonomy":"post_tag","embeddable":true,"href":"https:\/\/sites.ecclesia.pt\/cv\/wp-json\/wp\/v2\/tags?post=32"}],"curies":[{"name":"wp","href":"https:\/\/api.w.org\/{rel}","templated":true}]}}