{"id":3214,"date":"2010-12-09T10:04:00","date_gmt":"2010-12-09T10:04:00","guid":{"rendered":"http:\/\/localhost:81\/wp1\/?p=3214"},"modified":"2010-12-09T10:04:00","modified_gmt":"2010-12-09T10:04:00","slug":"arvore-de-natal-do-vaticano-e-ecologica","status":"publish","type":"post","link":"https:\/\/sites.ecclesia.pt\/cv\/arvore-de-natal-do-vaticano-e-ecologica\/","title":{"rendered":"\u00c1rvore de Natal do Vaticano \u00e9 &#8220;ecol\u00f3gica&#8221;"},"content":{"rendered":"<p>Chegou no dia 2 de Dezembro ao Vaticano a \u00e1rvore de mais de 30 de metros de altura que no dia seguinte foi elevada na Pra\u00e7a de S\u00e3o Pedro, para l\u00e1 permanecer durante o per\u00edodo natal\u00edcio. Trata-se de um abeto vermelho, com 94 anos e cinco toneladas, vindo da regi\u00e3o do Alto Adige, nordeste da It\u00e1lia.<\/p>\n<p>A \u00e1rvore chegou da uma floresta gerida de forma sustent\u00e1vel, certificada pelo Programa para o Reconhecimento de Sistemas de Certifica\u00e7\u00e3o Florestal (www.pefc.org).<\/p>\n<p>No dia 17 de Dezembro ter\u00e1 lugar a tradicional cerim\u00f3nia de inaugura\u00e7\u00e3o, com a presen\u00e7a do cardeal Giovanni Lajolo, presidente do Governatorato do Estado da Cidade do Vaticano.<\/p>\n","protected":false},"excerpt":{"rendered":"<p>Chegou no dia 2 de Dezembro ao Vaticano a \u00e1rvore de mais de 30 de metros de altura que no dia seguinte foi elevada na Pra\u00e7a de S\u00e3o Pedro, para l\u00e1 permanecer durante o per\u00edodo natal\u00edcio. Trata-se de um abeto vermelho, com 94 anos e cinco toneladas, vindo da regi\u00e3o do Alto Adige, nordeste da [&hellip;]<\/p>\n","protected":false},"author":1,"featured_media":0,"comment_status":"open","ping_status":"open","sticky":false,"template":"","format":"standard","meta":{"footnotes":""},"categories":[55],"tags":[],"class_list":["post-3214","post","type-post","status-publish","format-standard","hentry","category-igreja-no-mundo"],"_links":{"self":[{"href":"https:\/\/sites.ecclesia.pt\/cv\/wp-json\/wp\/v2\/posts\/3214","targetHints":{"allow":["GET"]}}],"collection":[{"href":"https:\/\/sites.ecclesia.pt\/cv\/wp-json\/wp\/v2\/posts"}],"about":[{"href":"https:\/\/sites.ecclesia.pt\/cv\/wp-json\/wp\/v2\/types\/post"}],"author":[{"embeddable":true,"href":"https:\/\/sites.ecclesia.pt\/cv\/wp-json\/wp\/v2\/users\/1"}],"replies":[{"embeddable":true,"href":"https:\/\/sites.ecclesia.pt\/cv\/wp-json\/wp\/v2\/comments?post=3214"}],"version-history":[{"count":0,"href":"https:\/\/sites.ecclesia.pt\/cv\/wp-json\/wp\/v2\/posts\/3214\/revisions"}],"wp:attachment":[{"href":"https:\/\/sites.ecclesia.pt\/cv\/wp-json\/wp\/v2\/media?parent=3214"}],"wp:term":[{"taxonomy":"category","embeddable":true,"href":"https:\/\/sites.ecclesia.pt\/cv\/wp-json\/wp\/v2\/categories?post=3214"},{"taxonomy":"post_tag","embeddable":true,"href":"https:\/\/sites.ecclesia.pt\/cv\/wp-json\/wp\/v2\/tags?post=3214"}],"curies":[{"name":"wp","href":"https:\/\/api.w.org\/{rel}","templated":true}]}}