{"id":3215,"date":"2010-12-09T10:04:00","date_gmt":"2010-12-09T10:04:00","guid":{"rendered":"http:\/\/localhost:81\/wp1\/?p=3215"},"modified":"2010-12-09T10:04:00","modified_gmt":"2010-12-09T10:04:00","slug":"igreja-catolica-e-a-instituicao-que-mais-ajuda-os-doentes-de-sida","status":"publish","type":"post","link":"https:\/\/sites.ecclesia.pt\/cv\/igreja-catolica-e-a-instituicao-que-mais-ajuda-os-doentes-de-sida\/","title":{"rendered":"Igreja Cat\u00f3lica \u00e9 a institui\u00e7\u00e3o que mais ajuda os doentes de Sida"},"content":{"rendered":"<p>Do total de pessoas infectadas no mundo com o HIV\/Sida, aproximadamente 25 por cento \u00e9 atendida por alguma institui\u00e7\u00e3o da Igreja Cat\u00f3lica, o que a converte na institui\u00e7\u00e3o mais importante em n\u00edvel mundial nesta \u00e1rea. Esta percentagem aumenta no caso da \u00c1frica, onde a Igreja cuida de quase 50 por cento dos afectados por este flagelo.<\/p>\n","protected":false},"excerpt":{"rendered":"<p>Do total de pessoas infectadas no mundo com o HIV\/Sida, aproximadamente 25 por cento \u00e9 atendida por alguma institui\u00e7\u00e3o da Igreja Cat\u00f3lica, o que a converte na institui\u00e7\u00e3o mais importante em n\u00edvel mundial nesta \u00e1rea. Esta percentagem aumenta no caso da \u00c1frica, onde a Igreja cuida de quase 50 por cento dos afectados por este [&hellip;]<\/p>\n","protected":false},"author":1,"featured_media":0,"comment_status":"open","ping_status":"open","sticky":false,"template":"","format":"standard","meta":{"footnotes":""},"categories":[55],"tags":[],"class_list":["post-3215","post","type-post","status-publish","format-standard","hentry","category-igreja-no-mundo"],"_links":{"self":[{"href":"https:\/\/sites.ecclesia.pt\/cv\/wp-json\/wp\/v2\/posts\/3215","targetHints":{"allow":["GET"]}}],"collection":[{"href":"https:\/\/sites.ecclesia.pt\/cv\/wp-json\/wp\/v2\/posts"}],"about":[{"href":"https:\/\/sites.ecclesia.pt\/cv\/wp-json\/wp\/v2\/types\/post"}],"author":[{"embeddable":true,"href":"https:\/\/sites.ecclesia.pt\/cv\/wp-json\/wp\/v2\/users\/1"}],"replies":[{"embeddable":true,"href":"https:\/\/sites.ecclesia.pt\/cv\/wp-json\/wp\/v2\/comments?post=3215"}],"version-history":[{"count":0,"href":"https:\/\/sites.ecclesia.pt\/cv\/wp-json\/wp\/v2\/posts\/3215\/revisions"}],"wp:attachment":[{"href":"https:\/\/sites.ecclesia.pt\/cv\/wp-json\/wp\/v2\/media?parent=3215"}],"wp:term":[{"taxonomy":"category","embeddable":true,"href":"https:\/\/sites.ecclesia.pt\/cv\/wp-json\/wp\/v2\/categories?post=3215"},{"taxonomy":"post_tag","embeddable":true,"href":"https:\/\/sites.ecclesia.pt\/cv\/wp-json\/wp\/v2\/tags?post=3215"}],"curies":[{"name":"wp","href":"https:\/\/api.w.org\/{rel}","templated":true}]}}