{"id":3256,"date":"2010-12-09T10:19:00","date_gmt":"2010-12-09T10:19:00","guid":{"rendered":"http:\/\/localhost:81\/wp1\/?p=3256"},"modified":"2010-12-09T10:19:00","modified_gmt":"2010-12-09T10:19:00","slug":"estarreja-restaura-a-casa-municipal-da-cultura","status":"publish","type":"post","link":"https:\/\/sites.ecclesia.pt\/cv\/estarreja-restaura-a-casa-municipal-da-cultura\/","title":{"rendered":"Estarreja restaura a Casa Municipal da Cultura"},"content":{"rendered":"<p>A C\u00e2mara Municipal de Estarreja tem a decorrer o concurso p\u00fablico para a beneficia\u00e7\u00e3o da Casa Municipal da Cultura, edif\u00edcio que alberga a principal sala de exposi\u00e7\u00f5es do concelho e os servi\u00e7os culturais da autarquia, o Espa\u00e7o Internet Municipal, a ACE (Associa\u00e7\u00e3o de Carnaval de Estarreja) e o CDTI (Centro de Divulga\u00e7\u00e3o das Tecnologias de Informa\u00e7\u00e3o).<\/p>\n<p>A empreitada de obras p\u00fablicas, que tem um valor base de 272.189 euros e o prazo de execu\u00e7\u00e3o \u00e9 de 150 dias, visa minimizar e controlar os efeitos da degrada\u00e7\u00e3o progressiva, nomeadamente ao n\u00edvel das madeiras interiores e exteriores, pavimentos, pinturas e elementos em granito. Ser\u00e3o ainda introduzidas altera\u00e7\u00f5es do uso do edif\u00edcio implicando a reformula\u00e7\u00e3o de alguns espa\u00e7os interiores, conciliando as actuais fun\u00e7\u00f5es como espa\u00e7o de frui\u00e7\u00e3o da cultura, turismo, tecnologias da informa\u00e7\u00e3o e comunica\u00e7\u00e3o e acrescentando espa\u00e7os de encontro para a juventude. Prev\u00ea-se a cria\u00e7\u00e3o de gabinetes de atendimento e orienta\u00e7\u00e3o juvenil, sala de forma\u00e7\u00e3o e espa\u00e7os de ateli\u00ea de artes, dando tamb\u00e9m uma maior amplitude \u00e0 galeria de exposi\u00e7\u00f5es. Far-se-\u00e1 tamb\u00e9m o aproveitamento do logradouro exterior, dotando-o com uma esplanada com acesso sem fios (\u201cwireless\u201d). A empreitada vai ainda reformular a instala\u00e7\u00e3o el\u00e9ctrica, melhorar as condi\u00e7\u00f5es t\u00e9rmicas e a criar um acesso lateral para pessoas com mobilidade condicionada.<\/p>\n<p>Este edif\u00edcio remonta ao s\u00e9culo XVIII, e \u00e9 patrim\u00f3nio municipal desde 1981. A Casa Municipal da Cultura situa-se na pra\u00e7a fronteira aos Pa\u00e7os do Concelho (Pra\u00e7a Francisco Barbosa). O im\u00f3vel tamb\u00e9m \u00e9 conhecido por Casa dos Morgados de Santo Ant\u00f3nio da Pra\u00e7a.<\/p>\n","protected":false},"excerpt":{"rendered":"<p>A C\u00e2mara Municipal de Estarreja tem a decorrer o concurso p\u00fablico para a beneficia\u00e7\u00e3o da Casa Municipal da Cultura, edif\u00edcio que alberga a principal sala de exposi\u00e7\u00f5es do concelho e os servi\u00e7os culturais da autarquia, o Espa\u00e7o Internet Municipal, a ACE (Associa\u00e7\u00e3o de Carnaval de Estarreja) e o CDTI (Centro de Divulga\u00e7\u00e3o das Tecnologias de [&hellip;]<\/p>\n","protected":false},"author":1,"featured_media":0,"comment_status":"open","ping_status":"open","sticky":false,"template":"","format":"standard","meta":{"footnotes":""},"categories":[45],"tags":[],"class_list":["post-3256","post","type-post","status-publish","format-standard","hentry","category-regioes"],"_links":{"self":[{"href":"https:\/\/sites.ecclesia.pt\/cv\/wp-json\/wp\/v2\/posts\/3256","targetHints":{"allow":["GET"]}}],"collection":[{"href":"https:\/\/sites.ecclesia.pt\/cv\/wp-json\/wp\/v2\/posts"}],"about":[{"href":"https:\/\/sites.ecclesia.pt\/cv\/wp-json\/wp\/v2\/types\/post"}],"author":[{"embeddable":true,"href":"https:\/\/sites.ecclesia.pt\/cv\/wp-json\/wp\/v2\/users\/1"}],"replies":[{"embeddable":true,"href":"https:\/\/sites.ecclesia.pt\/cv\/wp-json\/wp\/v2\/comments?post=3256"}],"version-history":[{"count":0,"href":"https:\/\/sites.ecclesia.pt\/cv\/wp-json\/wp\/v2\/posts\/3256\/revisions"}],"wp:attachment":[{"href":"https:\/\/sites.ecclesia.pt\/cv\/wp-json\/wp\/v2\/media?parent=3256"}],"wp:term":[{"taxonomy":"category","embeddable":true,"href":"https:\/\/sites.ecclesia.pt\/cv\/wp-json\/wp\/v2\/categories?post=3256"},{"taxonomy":"post_tag","embeddable":true,"href":"https:\/\/sites.ecclesia.pt\/cv\/wp-json\/wp\/v2\/tags?post=3256"}],"curies":[{"name":"wp","href":"https:\/\/api.w.org\/{rel}","templated":true}]}}