{"id":3288,"date":"2010-12-02T14:59:00","date_gmt":"2010-12-02T14:59:00","guid":{"rendered":"http:\/\/localhost:81\/wp1\/?p=3288"},"modified":"2010-12-02T14:59:00","modified_gmt":"2010-12-02T14:59:00","slug":"banco-alimentar-recolheu-184-toneladas-de-alimentos","status":"publish","type":"post","link":"https:\/\/sites.ecclesia.pt\/cv\/banco-alimentar-recolheu-184-toneladas-de-alimentos\/","title":{"rendered":"Banco Alimentar recolheu 184 toneladas de alimentos"},"content":{"rendered":"<p>Breve <!--more--> O Banco Alimentar Contra a Fome \u2013 Aveiro angariou 184 toneladas de alimentos em 130 superf\u00edcies comerciais do distrito. Em rela\u00e7\u00e3o \u00e0 campanha do mesmo per\u00edodo do ano passado, houve um aumento de 44 toneladas, confirmando o que o presidente do Banco Alimentar aveirense, Martinho Pereira, dissera ao Correio do Vouga: \u201c\u00c9 nos tempos de crise que as pessoas que t\u00eam alguma coisa para si se lembram das que n\u00e3o t\u00eam nada\u201d. Em todo o pa\u00eds, os 19 Bancos Alimentares recolheram 3250 toneladas de alimentos \u2013 mais 30 por centro do que no ano passado.<\/p>\n","protected":false},"excerpt":{"rendered":"<p>Breve<\/p>\n","protected":false},"author":1,"featured_media":0,"comment_status":"open","ping_status":"open","sticky":false,"template":"","format":"standard","meta":{"footnotes":""},"categories":[45],"tags":[],"class_list":["post-3288","post","type-post","status-publish","format-standard","hentry","category-regioes"],"_links":{"self":[{"href":"https:\/\/sites.ecclesia.pt\/cv\/wp-json\/wp\/v2\/posts\/3288","targetHints":{"allow":["GET"]}}],"collection":[{"href":"https:\/\/sites.ecclesia.pt\/cv\/wp-json\/wp\/v2\/posts"}],"about":[{"href":"https:\/\/sites.ecclesia.pt\/cv\/wp-json\/wp\/v2\/types\/post"}],"author":[{"embeddable":true,"href":"https:\/\/sites.ecclesia.pt\/cv\/wp-json\/wp\/v2\/users\/1"}],"replies":[{"embeddable":true,"href":"https:\/\/sites.ecclesia.pt\/cv\/wp-json\/wp\/v2\/comments?post=3288"}],"version-history":[{"count":0,"href":"https:\/\/sites.ecclesia.pt\/cv\/wp-json\/wp\/v2\/posts\/3288\/revisions"}],"wp:attachment":[{"href":"https:\/\/sites.ecclesia.pt\/cv\/wp-json\/wp\/v2\/media?parent=3288"}],"wp:term":[{"taxonomy":"category","embeddable":true,"href":"https:\/\/sites.ecclesia.pt\/cv\/wp-json\/wp\/v2\/categories?post=3288"},{"taxonomy":"post_tag","embeddable":true,"href":"https:\/\/sites.ecclesia.pt\/cv\/wp-json\/wp\/v2\/tags?post=3288"}],"curies":[{"name":"wp","href":"https:\/\/api.w.org\/{rel}","templated":true}]}}