{"id":3344,"date":"2010-12-09T10:22:00","date_gmt":"2010-12-09T10:22:00","guid":{"rendered":"http:\/\/localhost:81\/wp1\/?p=3344"},"modified":"2010-12-09T10:22:00","modified_gmt":"2010-12-09T10:22:00","slug":"nucleo-da-cruz-vermelha-na-gafanha-da-nazare","status":"publish","type":"post","link":"https:\/\/sites.ecclesia.pt\/cv\/nucleo-da-cruz-vermelha-na-gafanha-da-nazare\/","title":{"rendered":"N\u00facleo da Cruz Vermelha na Gafanha da Nazar\u00e9"},"content":{"rendered":"<p>Maria Manuela Ferreira da Costa, assistente social de profiss\u00e3o, est\u00e1 a impulsionar a cria\u00e7\u00e3o de um n\u00facleo da Cruz Vermelha Portuguesa na Gafanha da Nazar\u00e9, o qual poder\u00e1 abranger todo o concelho de \u00cdlhavo, o qual dever\u00e1 ficar sedeado no edif\u00edcio da Unidade de Sa\u00fade Beira Ria.<\/p>\n<p>A escolha desse local deve-se, segundo a promotora da iniciativa, \u201cpor a\u00ed ser um local acess\u00edvel a todos, independentemente de ra\u00e7a, credo ou ideologia, e tamb\u00e9m porque os m\u00e9dicos poder\u00e3o dar uma contribui\u00e7\u00e3o preciosa na identifica\u00e7\u00e3o de potenciais casos de pobreza. Eventualmente, tamb\u00e9m poder\u00e1 haver um gabinete id\u00eantico no Centro de Sa\u00fade de \u00cdlhavo\u201d.<\/p>\n<p>No trabalho de campo j\u00e1 realizado, Maria Manuela Ferreira da Costa identificou mais de cinco dezenas de fam\u00edlias em extrema pobreza vis\u00edvel, \u00e0s quais se juntam muitas dezenas de fam\u00edlias que \u201ctamb\u00e9m est\u00e3o na mis\u00e9ria mas que t\u00eam vergonha de revelar a sua situa\u00e7\u00e3o. Neste caso, h\u00e1 mesmo pessoas com cursos superiores, mas que perderam os empregos devido \u00e0 crise, e que agora tomam uma refei\u00e7\u00e3o por dia, e por vezes nem isso\u201d, sobretudo, \u201cresultantes do desemprego for\u00e7ado\u201d.<\/p>\n<p>Como \u201cos pobres t\u00eam direito \u00e0 sua dignidade e a receberem coisas novas, e n\u00e3o \u2018lixo\u2019 que j\u00e1 n\u00e3o nos serve\u201d, mas sim \u201cgerir um fundo de maneio que nos permita ocorrer a situa\u00e7\u00f5es pontuais de pobreza\u201d, Maria Manuela Ferreira da Costa afirma que, o N\u00facleo dever\u00e1 \u201cnegociar com um supermercado, com uma farm\u00e1cia ou com a loja que for necess\u00e1ria para satisfazer a car\u00eancia sentida, e depois a fam\u00edlia a apoiar vai a essa loja e adquire aquilo que foi acordado, mas f\u00e1-lo de uma forma an\u00f3nima, sem a humilha\u00e7\u00e3o de todos saberem que est\u00e1 a ser ajudada\u201d.<\/p>\n<p>C. F.<\/p>\n","protected":false},"excerpt":{"rendered":"<p>Maria Manuela Ferreira da Costa, assistente social de profiss\u00e3o, est\u00e1 a impulsionar a cria\u00e7\u00e3o de um n\u00facleo da Cruz Vermelha Portuguesa na Gafanha da Nazar\u00e9, o qual poder\u00e1 abranger todo o concelho de \u00cdlhavo, o qual dever\u00e1 ficar sedeado no edif\u00edcio da Unidade de Sa\u00fade Beira Ria. A escolha desse local deve-se, segundo a promotora [&hellip;]<\/p>\n","protected":false},"author":1,"featured_media":0,"comment_status":"open","ping_status":"open","sticky":false,"template":"","format":"standard","meta":{"footnotes":""},"categories":[45],"tags":[],"class_list":["post-3344","post","type-post","status-publish","format-standard","hentry","category-regioes"],"_links":{"self":[{"href":"https:\/\/sites.ecclesia.pt\/cv\/wp-json\/wp\/v2\/posts\/3344","targetHints":{"allow":["GET"]}}],"collection":[{"href":"https:\/\/sites.ecclesia.pt\/cv\/wp-json\/wp\/v2\/posts"}],"about":[{"href":"https:\/\/sites.ecclesia.pt\/cv\/wp-json\/wp\/v2\/types\/post"}],"author":[{"embeddable":true,"href":"https:\/\/sites.ecclesia.pt\/cv\/wp-json\/wp\/v2\/users\/1"}],"replies":[{"embeddable":true,"href":"https:\/\/sites.ecclesia.pt\/cv\/wp-json\/wp\/v2\/comments?post=3344"}],"version-history":[{"count":0,"href":"https:\/\/sites.ecclesia.pt\/cv\/wp-json\/wp\/v2\/posts\/3344\/revisions"}],"wp:attachment":[{"href":"https:\/\/sites.ecclesia.pt\/cv\/wp-json\/wp\/v2\/media?parent=3344"}],"wp:term":[{"taxonomy":"category","embeddable":true,"href":"https:\/\/sites.ecclesia.pt\/cv\/wp-json\/wp\/v2\/categories?post=3344"},{"taxonomy":"post_tag","embeddable":true,"href":"https:\/\/sites.ecclesia.pt\/cv\/wp-json\/wp\/v2\/tags?post=3344"}],"curies":[{"name":"wp","href":"https:\/\/api.w.org\/{rel}","templated":true}]}}