{"id":3391,"date":"2010-12-15T09:50:00","date_gmt":"2010-12-15T09:50:00","guid":{"rendered":"http:\/\/localhost:81\/wp1\/?p=3391"},"modified":"2010-12-15T09:50:00","modified_gmt":"2010-12-15T09:50:00","slug":"cira-aprovou-orcamento-e-grandes-opcoes-para-2011","status":"publish","type":"post","link":"https:\/\/sites.ecclesia.pt\/cv\/cira-aprovou-orcamento-e-grandes-opcoes-para-2011\/","title":{"rendered":"CIRA aprovou or\u00e7amento e grandes op\u00e7\u00f5es para 2011"},"content":{"rendered":"<p>O or\u00e7amento da Comunidade Intermunicipal da Regi\u00e3o de Aveiro para 2011 \u00e9 de 14,8 milh\u00f5es de euros. Ser\u00e1 gasto em projectos plurianuais.<\/p>\n<p>A Comunidade Intermunicipal da Regi\u00e3o de Aveiro (CIRA) aprovou as Grandes Op\u00e7\u00f5es do Plano (GOP) e o Or\u00e7amento para 2011, este \u00faltimo com um montante de 14.853.301 euros, o que representa uma subida de 34% em rela\u00e7\u00e3o ao ano que agora termina. As GOP prev\u00eaem um investimento da ordem dos 14.450.642 euros, cerca de 35% superior a 2010.<\/p>\n<p>No pr\u00f3ximo ano, a CIRA continuar\u00e1 a dar prioridade aos projectos plurianuais j\u00e1 aprovados e com financiamento dos fundos comunit\u00e1rios do QREN (Quadro de Refer\u00eancia Estrat\u00e9gico Nacional), como os que est\u00e3o contratualizados com o PO Centro \/ \u201cMais Centro\u201d, com um investimento da ordem dos 110 milh\u00f5es de euros, dos quais 60,06 milh\u00f5es s\u00e3o comparticipa\u00e7\u00e3o do FEDER. Este mesmo fundo participa com 59 milh\u00f5es de euros no Polis da Ria de Aveiro, cujo investimento est\u00e1 or\u00e7ado em 97 milh\u00f5es de euros, tal como est\u00e1 previsto com o Parque da Ci\u00eancia e Inova\u00e7\u00e3o da Universidade de Aveiro, em que participa com 15,4 dos 35 milh\u00f5es de euros or\u00e7amentados, e com o projecto \u201cComunidade Interurbana de Aveiro \u2013 sistema urbano competitivo, empreendedor e inovador\u201d, cuja comparticipa\u00e7\u00e3o \u00e9 de 5,9 milh\u00f5es num investimento total de nove milh\u00f5es de euros.<\/p>\n<p>Tamb\u00e9m as parcerias institucionais ir\u00e3o continuar a ter um papel relevante, destacando-se a participa\u00e7\u00e3o da CIRA nas sociedades an\u00f3nimas \u201cPolis Litoral \u2013 Ria de Aveiro\u201d e \u201c\u00c1guas da Regi\u00e3o de Aveiro\u201d bem como a colabora\u00e7\u00e3o com a Universidade de Aveiro em m\u00faltiplos projectos.<\/p>\n<p>A CIRA pretende ainda refor\u00e7ar a aposta da regi\u00e3o no Mar, nas Pescas e no Turismo, concretizando parcerias de investimento com a Entidade Regional de Turismo do Centro de Portugal, e continuar com a execu\u00e7\u00e3o do Programa de Forma\u00e7\u00e3o para Funcion\u00e1rios Municipais.<\/p>\n<p>Dos dossiers relevantes para a regi\u00e3o, a CIRA dar\u00e1 especial aten\u00e7\u00e3o e acompanhamento aos que vis\u00e3o a cria\u00e7\u00e3o do Hospital Central e Universit\u00e1rio de Aveiro, a organiza\u00e7\u00e3o da rede hospitalar e a gest\u00e3o dos Agrupamentos dos Centros de Sa\u00fade, a gest\u00e3o do problema da eros\u00e3o costeira, a constru\u00e7\u00e3o da barragem de Ribeiradio, a implementa\u00e7\u00e3o da Comarca do Baixo Vouga e do Projecto Agr\u00edcola do Baixo Vouga, entre outros.<\/p>\n","protected":false},"excerpt":{"rendered":"<p>O or\u00e7amento da Comunidade Intermunicipal da Regi\u00e3o de Aveiro para 2011 \u00e9 de 14,8 milh\u00f5es de euros. Ser\u00e1 gasto em projectos plurianuais. A Comunidade Intermunicipal da Regi\u00e3o de Aveiro (CIRA) aprovou as Grandes Op\u00e7\u00f5es do Plano (GOP) e o Or\u00e7amento para 2011, este \u00faltimo com um montante de 14.853.301 euros, o que representa uma subida [&hellip;]<\/p>\n","protected":false},"author":1,"featured_media":0,"comment_status":"open","ping_status":"open","sticky":false,"template":"","format":"standard","meta":{"footnotes":""},"categories":[45],"tags":[],"class_list":["post-3391","post","type-post","status-publish","format-standard","hentry","category-regioes"],"_links":{"self":[{"href":"https:\/\/sites.ecclesia.pt\/cv\/wp-json\/wp\/v2\/posts\/3391","targetHints":{"allow":["GET"]}}],"collection":[{"href":"https:\/\/sites.ecclesia.pt\/cv\/wp-json\/wp\/v2\/posts"}],"about":[{"href":"https:\/\/sites.ecclesia.pt\/cv\/wp-json\/wp\/v2\/types\/post"}],"author":[{"embeddable":true,"href":"https:\/\/sites.ecclesia.pt\/cv\/wp-json\/wp\/v2\/users\/1"}],"replies":[{"embeddable":true,"href":"https:\/\/sites.ecclesia.pt\/cv\/wp-json\/wp\/v2\/comments?post=3391"}],"version-history":[{"count":0,"href":"https:\/\/sites.ecclesia.pt\/cv\/wp-json\/wp\/v2\/posts\/3391\/revisions"}],"wp:attachment":[{"href":"https:\/\/sites.ecclesia.pt\/cv\/wp-json\/wp\/v2\/media?parent=3391"}],"wp:term":[{"taxonomy":"category","embeddable":true,"href":"https:\/\/sites.ecclesia.pt\/cv\/wp-json\/wp\/v2\/categories?post=3391"},{"taxonomy":"post_tag","embeddable":true,"href":"https:\/\/sites.ecclesia.pt\/cv\/wp-json\/wp\/v2\/tags?post=3391"}],"curies":[{"name":"wp","href":"https:\/\/api.w.org\/{rel}","templated":true}]}}