{"id":34,"date":"2006-04-03T14:44:00","date_gmt":"2006-04-03T14:44:00","guid":{"rendered":"http:\/\/localhost:81\/wp1\/?p=34"},"modified":"2006-04-03T14:44:00","modified_gmt":"2006-04-03T14:44:00","slug":"sinal","status":"publish","type":"post","link":"https:\/\/sites.ecclesia.pt\/cv\/sinal\/","title":{"rendered":"Sinal +"},"content":{"rendered":"<p>Com a chegada do m\u00eas de Setembro, terminou para a grande maioria dos portugueses o per\u00edodo de f\u00e9rias. A vida retoma o seu curso normal e cada um volta ao seu pr\u00f3prio quotidiano com trabalho, alegrias, tristezas, sonhos e luta por projectos que tornem a vida mais digna de ser vivia. E at\u00e9 a Igreja, que na \u00e9poca do Ver\u00e3o costuma deixar livres (?) os fi\u00e9is, se prepara para novos desafios, rumo a uma sociedade mais crist\u00e3.<\/p>\n<p>Mas o nosso Sinal + vai, em esp\u00edrito de solidariedade fraterna, para os que n\u00e3o tiveram f\u00e9rias. E s\u00e3o muitos, como todos sabemos: os desempregados, os que t\u00eam sal\u00e1rios em atraso, os que vivem a ang\u00fastia da incerteza no emprego, os doentes, os que t\u00eam pens\u00f5es de mis\u00e9ria, os idosos ignorados e os que s\u00e3o empurrados para a solid\u00e3o. Para todos estes, que vivem o dia-a-dia sempre igual e sem perspectivas de um futuro risonho, vai a promessa de que nunca os esqueceremos neste jornal.<\/p>\n","protected":false},"excerpt":{"rendered":"<p>Com a chegada do m\u00eas de Setembro, terminou para a grande maioria dos portugueses o per\u00edodo de f\u00e9rias. A vida retoma o seu curso normal e cada um volta ao seu pr\u00f3prio quotidiano com trabalho, alegrias, tristezas, sonhos e luta por projectos que tornem a vida mais digna de ser vivia. E at\u00e9 a Igreja, [&hellip;]<\/p>\n","protected":false},"author":1,"featured_media":0,"comment_status":"open","ping_status":"open","sticky":false,"template":"","format":"standard","meta":{"footnotes":""},"categories":[61],"tags":[],"class_list":["post-34","post","type-post","status-publish","format-standard","hentry","category-actualidade"],"_links":{"self":[{"href":"https:\/\/sites.ecclesia.pt\/cv\/wp-json\/wp\/v2\/posts\/34","targetHints":{"allow":["GET"]}}],"collection":[{"href":"https:\/\/sites.ecclesia.pt\/cv\/wp-json\/wp\/v2\/posts"}],"about":[{"href":"https:\/\/sites.ecclesia.pt\/cv\/wp-json\/wp\/v2\/types\/post"}],"author":[{"embeddable":true,"href":"https:\/\/sites.ecclesia.pt\/cv\/wp-json\/wp\/v2\/users\/1"}],"replies":[{"embeddable":true,"href":"https:\/\/sites.ecclesia.pt\/cv\/wp-json\/wp\/v2\/comments?post=34"}],"version-history":[{"count":0,"href":"https:\/\/sites.ecclesia.pt\/cv\/wp-json\/wp\/v2\/posts\/34\/revisions"}],"wp:attachment":[{"href":"https:\/\/sites.ecclesia.pt\/cv\/wp-json\/wp\/v2\/media?parent=34"}],"wp:term":[{"taxonomy":"category","embeddable":true,"href":"https:\/\/sites.ecclesia.pt\/cv\/wp-json\/wp\/v2\/categories?post=34"},{"taxonomy":"post_tag","embeddable":true,"href":"https:\/\/sites.ecclesia.pt\/cv\/wp-json\/wp\/v2\/tags?post=34"}],"curies":[{"name":"wp","href":"https:\/\/api.w.org\/{rel}","templated":true}]}}