{"id":3425,"date":"2009-07-29T11:40:00","date_gmt":"2009-07-29T11:40:00","guid":{"rendered":"http:\/\/localhost:81\/wp1\/?p=3425"},"modified":"2009-07-29T11:40:00","modified_gmt":"2009-07-29T11:40:00","slug":"vaticano-lembra-chegada-do-homem-a-lua","status":"publish","type":"post","link":"https:\/\/sites.ecclesia.pt\/cv\/vaticano-lembra-chegada-do-homem-a-lua\/","title":{"rendered":"Vaticano lembra chegada do homem \u00e0 lua"},"content":{"rendered":"<p>40 anos depois da miss\u00e3o espacial Apolo 11, que levou o homem \u00e0 lua pela primeira vez, o porta-voz do Vaticano lembrou esta data hist\u00f3rica, sublinhando que essa viagem mostrou \u201co surpreendente valor do engenho humano quando est\u00e1 consciente dos seus limites\u201d.<\/p>\n<p>O P.e Federico Lombardi, director da sala de imprensa da Santa S\u00e9, dedicou o seu editorial do seman\u00e1rio Octava Dies, do Centro Televisivo Vaticano, ao momento em que Neil Armstrong pisou a superf\u00edcie do sat\u00e9lite da Terra.<\/p>\n<p>Em particular, s\u00e3o recordadas as v\u00e1rias interven\u00e7\u00f5es do Papa de ent\u00e3o, Paulo VI, sobre aquele \u201cfant\u00e1stico voo\u201d, desde a sua prepara\u00e7\u00e3o e desenvolvimento, at\u00e9 ao \u201cregresso triunfal dos astronautas\u201d. No Angelus de 20 de Julho de 1969, Paulo VI falou de \u201cum dia hist\u00f3rico para a humanidade\u201d.<\/p>\n","protected":false},"excerpt":{"rendered":"<p>40 anos depois da miss\u00e3o espacial Apolo 11, que levou o homem \u00e0 lua pela primeira vez, o porta-voz do Vaticano lembrou esta data hist\u00f3rica, sublinhando que essa viagem mostrou \u201co surpreendente valor do engenho humano quando est\u00e1 consciente dos seus limites\u201d. O P.e Federico Lombardi, director da sala de imprensa da Santa S\u00e9, dedicou [&hellip;]<\/p>\n","protected":false},"author":1,"featured_media":0,"comment_status":"open","ping_status":"open","sticky":false,"template":"","format":"standard","meta":{"footnotes":""},"categories":[55],"tags":[],"class_list":["post-3425","post","type-post","status-publish","format-standard","hentry","category-igreja-no-mundo"],"_links":{"self":[{"href":"https:\/\/sites.ecclesia.pt\/cv\/wp-json\/wp\/v2\/posts\/3425","targetHints":{"allow":["GET"]}}],"collection":[{"href":"https:\/\/sites.ecclesia.pt\/cv\/wp-json\/wp\/v2\/posts"}],"about":[{"href":"https:\/\/sites.ecclesia.pt\/cv\/wp-json\/wp\/v2\/types\/post"}],"author":[{"embeddable":true,"href":"https:\/\/sites.ecclesia.pt\/cv\/wp-json\/wp\/v2\/users\/1"}],"replies":[{"embeddable":true,"href":"https:\/\/sites.ecclesia.pt\/cv\/wp-json\/wp\/v2\/comments?post=3425"}],"version-history":[{"count":0,"href":"https:\/\/sites.ecclesia.pt\/cv\/wp-json\/wp\/v2\/posts\/3425\/revisions"}],"wp:attachment":[{"href":"https:\/\/sites.ecclesia.pt\/cv\/wp-json\/wp\/v2\/media?parent=3425"}],"wp:term":[{"taxonomy":"category","embeddable":true,"href":"https:\/\/sites.ecclesia.pt\/cv\/wp-json\/wp\/v2\/categories?post=3425"},{"taxonomy":"post_tag","embeddable":true,"href":"https:\/\/sites.ecclesia.pt\/cv\/wp-json\/wp\/v2\/tags?post=3425"}],"curies":[{"name":"wp","href":"https:\/\/api.w.org\/{rel}","templated":true}]}}