{"id":3519,"date":"2009-09-16T09:56:00","date_gmt":"2009-09-16T09:56:00","guid":{"rendered":"http:\/\/localhost:81\/wp1\/?p=3519"},"modified":"2009-09-16T09:56:00","modified_gmt":"2009-09-16T09:56:00","slug":"coro-da-catedral-prepara-assembleia-geral-e-aceita-novos-cantores","status":"publish","type":"post","link":"https:\/\/sites.ecclesia.pt\/cv\/coro-da-catedral-prepara-assembleia-geral-e-aceita-novos-cantores\/","title":{"rendered":"Coro da Catedral prepara Assembleia-geral e aceita novos cantores"},"content":{"rendered":"<p>Ap\u00f3s m\u00eas e meio de f\u00e9rias, o Coro da Catedral de Aveiro reiniciou os trabalhos no passado dia 9, sob a direc\u00e7\u00e3o do seu maestro titular, Prof. Ant\u00f3nio M\u00e1rio Costa, coadjuvado pelo maestro adjunto, Prof. Tiago Matias.<\/p>\n<p>Est\u00e1 agendada para o pr\u00f3ximo dia 7 de Outubro a primeira Assembleia-geral, para eleger os corpos sociais da rec\u00e9m-criada associa\u00e7\u00e3o.<\/p>\n<p>Entretanto, est\u00e3o abertas as inscri\u00e7\u00f5es para novos cantores nos diferentes naipes \u2013 sopranos, contraltos, tenores e baixos. Encontram-se igualmente abertas as candidaturas para novos associados colaboradores da associa\u00e7\u00e3o \u201cCoro da Catedral de Aveiro &#8211; CATEDRAV\u201d.<\/p>\n","protected":false},"excerpt":{"rendered":"<p>Ap\u00f3s m\u00eas e meio de f\u00e9rias, o Coro da Catedral de Aveiro reiniciou os trabalhos no passado dia 9, sob a direc\u00e7\u00e3o do seu maestro titular, Prof. Ant\u00f3nio M\u00e1rio Costa, coadjuvado pelo maestro adjunto, Prof. Tiago Matias. Est\u00e1 agendada para o pr\u00f3ximo dia 7 de Outubro a primeira Assembleia-geral, para eleger os corpos sociais da [&hellip;]<\/p>\n","protected":false},"author":1,"featured_media":0,"comment_status":"open","ping_status":"open","sticky":false,"template":"","format":"standard","meta":{"footnotes":""},"categories":[70],"tags":[],"class_list":["post-3519","post","type-post","status-publish","format-standard","hentry","category-diocese"],"_links":{"self":[{"href":"https:\/\/sites.ecclesia.pt\/cv\/wp-json\/wp\/v2\/posts\/3519","targetHints":{"allow":["GET"]}}],"collection":[{"href":"https:\/\/sites.ecclesia.pt\/cv\/wp-json\/wp\/v2\/posts"}],"about":[{"href":"https:\/\/sites.ecclesia.pt\/cv\/wp-json\/wp\/v2\/types\/post"}],"author":[{"embeddable":true,"href":"https:\/\/sites.ecclesia.pt\/cv\/wp-json\/wp\/v2\/users\/1"}],"replies":[{"embeddable":true,"href":"https:\/\/sites.ecclesia.pt\/cv\/wp-json\/wp\/v2\/comments?post=3519"}],"version-history":[{"count":0,"href":"https:\/\/sites.ecclesia.pt\/cv\/wp-json\/wp\/v2\/posts\/3519\/revisions"}],"wp:attachment":[{"href":"https:\/\/sites.ecclesia.pt\/cv\/wp-json\/wp\/v2\/media?parent=3519"}],"wp:term":[{"taxonomy":"category","embeddable":true,"href":"https:\/\/sites.ecclesia.pt\/cv\/wp-json\/wp\/v2\/categories?post=3519"},{"taxonomy":"post_tag","embeddable":true,"href":"https:\/\/sites.ecclesia.pt\/cv\/wp-json\/wp\/v2\/tags?post=3519"}],"curies":[{"name":"wp","href":"https:\/\/api.w.org\/{rel}","templated":true}]}}