{"id":3520,"date":"2009-09-16T10:01:00","date_gmt":"2009-09-16T10:01:00","guid":{"rendered":"http:\/\/localhost:81\/wp1\/?p=3520"},"modified":"2009-09-16T10:01:00","modified_gmt":"2009-09-16T10:01:00","slug":"festa-da-senhora-da-ajuda-no-lugar-de-sao-tiago","status":"publish","type":"post","link":"https:\/\/sites.ecclesia.pt\/cv\/festa-da-senhora-da-ajuda-no-lugar-de-sao-tiago\/","title":{"rendered":"Festa da Senhora da Ajuda no lugar de S\u00e3o Tiago"},"content":{"rendered":"<p>O lugar de S\u00e3o Tiago (Velho) vai, nos pr\u00f3ximos dias 19, 20 e 21 de Setembro, realizar a festa em honra de Nossa Senhora da Ajuda. Esta festa tem-se realizado com espa\u00e7os de alguns anos de intervalo, procurando congregar os que s\u00e3o e foram daquele lugar da par\u00f3quia da Gl\u00f3ria. Alguns est\u00e3o emigrados e encontram nestes dias uma boa forma de se reencontrarem.<\/p>\n<p>Da festa consta o arraial no s\u00e1bado. No Domingo haver\u00e1 Missa \u00e0s 09h00 e Celebra\u00e7\u00e3o Mariana \u00e0s 15h30. Os festejos contam com alguns grupos e cantores que animar\u00e3o o arraial, que ser\u00e1 composto com fogo de artif\u00edcio.<\/p>\n","protected":false},"excerpt":{"rendered":"<p>O lugar de S\u00e3o Tiago (Velho) vai, nos pr\u00f3ximos dias 19, 20 e 21 de Setembro, realizar a festa em honra de Nossa Senhora da Ajuda. Esta festa tem-se realizado com espa\u00e7os de alguns anos de intervalo, procurando congregar os que s\u00e3o e foram daquele lugar da par\u00f3quia da Gl\u00f3ria. Alguns est\u00e3o emigrados e encontram [&hellip;]<\/p>\n","protected":false},"author":1,"featured_media":0,"comment_status":"open","ping_status":"open","sticky":false,"template":"","format":"standard","meta":{"footnotes":""},"categories":[70],"tags":[],"class_list":["post-3520","post","type-post","status-publish","format-standard","hentry","category-diocese"],"_links":{"self":[{"href":"https:\/\/sites.ecclesia.pt\/cv\/wp-json\/wp\/v2\/posts\/3520","targetHints":{"allow":["GET"]}}],"collection":[{"href":"https:\/\/sites.ecclesia.pt\/cv\/wp-json\/wp\/v2\/posts"}],"about":[{"href":"https:\/\/sites.ecclesia.pt\/cv\/wp-json\/wp\/v2\/types\/post"}],"author":[{"embeddable":true,"href":"https:\/\/sites.ecclesia.pt\/cv\/wp-json\/wp\/v2\/users\/1"}],"replies":[{"embeddable":true,"href":"https:\/\/sites.ecclesia.pt\/cv\/wp-json\/wp\/v2\/comments?post=3520"}],"version-history":[{"count":0,"href":"https:\/\/sites.ecclesia.pt\/cv\/wp-json\/wp\/v2\/posts\/3520\/revisions"}],"wp:attachment":[{"href":"https:\/\/sites.ecclesia.pt\/cv\/wp-json\/wp\/v2\/media?parent=3520"}],"wp:term":[{"taxonomy":"category","embeddable":true,"href":"https:\/\/sites.ecclesia.pt\/cv\/wp-json\/wp\/v2\/categories?post=3520"},{"taxonomy":"post_tag","embeddable":true,"href":"https:\/\/sites.ecclesia.pt\/cv\/wp-json\/wp\/v2\/tags?post=3520"}],"curies":[{"name":"wp","href":"https:\/\/api.w.org\/{rel}","templated":true}]}}