{"id":3521,"date":"2009-09-16T10:02:00","date_gmt":"2009-09-16T10:02:00","guid":{"rendered":"http:\/\/localhost:81\/wp1\/?p=3521"},"modified":"2009-09-16T10:02:00","modified_gmt":"2009-09-16T10:02:00","slug":"d-antonio-francisco-bispo-de-aveiro-ha-tres-anos","status":"publish","type":"post","link":"https:\/\/sites.ecclesia.pt\/cv\/d-antonio-francisco-bispo-de-aveiro-ha-tres-anos\/","title":{"rendered":"D. Ant\u00f3nio Francisco, Bispo de Aveiro h\u00e1 tr\u00eas anos"},"content":{"rendered":"<p>Na pr\u00f3xima segunda-feira, 21 de Setembro, completa-se o terceiro anivers\u00e1rio da nomea\u00e7\u00e3o de D. Ant\u00f3nio Francisco como Bispo de Aveiro.<\/p>\n<p>No mesmo dia, D. Ant\u00f3nio Marcelino completa 79 anos de idade e 34 de ordena\u00e7\u00e3o episcopal.<\/p>\n","protected":false},"excerpt":{"rendered":"<p>Na pr\u00f3xima segunda-feira, 21 de Setembro, completa-se o terceiro anivers\u00e1rio da nomea\u00e7\u00e3o de D. Ant\u00f3nio Francisco como Bispo de Aveiro. No mesmo dia, D. Ant\u00f3nio Marcelino completa 79 anos de idade e 34 de ordena\u00e7\u00e3o episcopal.<\/p>\n","protected":false},"author":1,"featured_media":0,"comment_status":"open","ping_status":"open","sticky":false,"template":"","format":"standard","meta":{"footnotes":""},"categories":[70],"tags":[],"class_list":["post-3521","post","type-post","status-publish","format-standard","hentry","category-diocese"],"_links":{"self":[{"href":"https:\/\/sites.ecclesia.pt\/cv\/wp-json\/wp\/v2\/posts\/3521","targetHints":{"allow":["GET"]}}],"collection":[{"href":"https:\/\/sites.ecclesia.pt\/cv\/wp-json\/wp\/v2\/posts"}],"about":[{"href":"https:\/\/sites.ecclesia.pt\/cv\/wp-json\/wp\/v2\/types\/post"}],"author":[{"embeddable":true,"href":"https:\/\/sites.ecclesia.pt\/cv\/wp-json\/wp\/v2\/users\/1"}],"replies":[{"embeddable":true,"href":"https:\/\/sites.ecclesia.pt\/cv\/wp-json\/wp\/v2\/comments?post=3521"}],"version-history":[{"count":0,"href":"https:\/\/sites.ecclesia.pt\/cv\/wp-json\/wp\/v2\/posts\/3521\/revisions"}],"wp:attachment":[{"href":"https:\/\/sites.ecclesia.pt\/cv\/wp-json\/wp\/v2\/media?parent=3521"}],"wp:term":[{"taxonomy":"category","embeddable":true,"href":"https:\/\/sites.ecclesia.pt\/cv\/wp-json\/wp\/v2\/categories?post=3521"},{"taxonomy":"post_tag","embeddable":true,"href":"https:\/\/sites.ecclesia.pt\/cv\/wp-json\/wp\/v2\/tags?post=3521"}],"curies":[{"name":"wp","href":"https:\/\/api.w.org\/{rel}","templated":true}]}}