{"id":358,"date":"2010-01-20T10:55:00","date_gmt":"2010-01-20T10:55:00","guid":{"rendered":"http:\/\/localhost:81\/wp1\/?p=358"},"modified":"2010-01-20T10:55:00","modified_gmt":"2010-01-20T10:55:00","slug":"zona-de-moradias-no-crasto-de-verdemilho","status":"publish","type":"post","link":"https:\/\/sites.ecclesia.pt\/cv\/zona-de-moradias-no-crasto-de-verdemilho\/","title":{"rendered":"Zona de moradias no Crasto de Verdemilho"},"content":{"rendered":"<p>Aveiro em Mudan\u00e7a <!--more--> Junto \u00e0 \u00e1rea de expans\u00e3o da Universidade de Aveiro, na zona do Crasto de Verdemilho, est\u00e3o a surgir novas urbaniza\u00e7\u00f5es, sobretudo destinadas a moradias unifamiliares, edificadas por diversas empresas de constru\u00e7\u00e3o civil e imobili\u00e1rias.<\/p>\n<p>Esta \u00e9 uma zona sossegada que apesar de estar um pouco afastada do centro da cidade, tem a Universidade bastante pr\u00f3xima, tem boas acessibilidades para as cidades de Aveiro e de \u00cdlhavo e fica perto do futuro Parque da Ci\u00eancia e Inova\u00e7\u00e3o. <\/p>\n<p>C.F.<\/p>\n","protected":false},"excerpt":{"rendered":"<p>Aveiro em Mudan\u00e7a<\/p>\n","protected":false},"author":1,"featured_media":0,"comment_status":"open","ping_status":"open","sticky":false,"template":"","format":"standard","meta":{"footnotes":""},"categories":[45],"tags":[],"class_list":["post-358","post","type-post","status-publish","format-standard","hentry","category-regioes"],"_links":{"self":[{"href":"https:\/\/sites.ecclesia.pt\/cv\/wp-json\/wp\/v2\/posts\/358","targetHints":{"allow":["GET"]}}],"collection":[{"href":"https:\/\/sites.ecclesia.pt\/cv\/wp-json\/wp\/v2\/posts"}],"about":[{"href":"https:\/\/sites.ecclesia.pt\/cv\/wp-json\/wp\/v2\/types\/post"}],"author":[{"embeddable":true,"href":"https:\/\/sites.ecclesia.pt\/cv\/wp-json\/wp\/v2\/users\/1"}],"replies":[{"embeddable":true,"href":"https:\/\/sites.ecclesia.pt\/cv\/wp-json\/wp\/v2\/comments?post=358"}],"version-history":[{"count":0,"href":"https:\/\/sites.ecclesia.pt\/cv\/wp-json\/wp\/v2\/posts\/358\/revisions"}],"wp:attachment":[{"href":"https:\/\/sites.ecclesia.pt\/cv\/wp-json\/wp\/v2\/media?parent=358"}],"wp:term":[{"taxonomy":"category","embeddable":true,"href":"https:\/\/sites.ecclesia.pt\/cv\/wp-json\/wp\/v2\/categories?post=358"},{"taxonomy":"post_tag","embeddable":true,"href":"https:\/\/sites.ecclesia.pt\/cv\/wp-json\/wp\/v2\/tags?post=358"}],"curies":[{"name":"wp","href":"https:\/\/api.w.org\/{rel}","templated":true}]}}