{"id":359,"date":"2010-01-20T10:57:00","date_gmt":"2010-01-20T10:57:00","guid":{"rendered":"http:\/\/localhost:81\/wp1\/?p=359"},"modified":"2010-01-20T10:57:00","modified_gmt":"2010-01-20T10:57:00","slug":"camara-de-ilhavo-e-industriais-do-bacalhau-patrocinam-a-viagem-de-circum-navegacao-da-sagres","status":"publish","type":"post","link":"https:\/\/sites.ecclesia.pt\/cv\/camara-de-ilhavo-e-industriais-do-bacalhau-patrocinam-a-viagem-de-circum-navegacao-da-sagres\/","title":{"rendered":"C\u00e2mara de \u00cdlhavo e industriais do bacalhau patrocinam a viagem de circum-navega\u00e7\u00e3o da &#8220;Sagres&#8221;"},"content":{"rendered":"<p>Durante 339 dias, o navio \u201cSagres\u201d vai dar a volta ao mundo. \u00cdlhavo apoia<\/p>\n<p>A C\u00e2mara Municipal de \u00cdlhavo (CMI), por interm\u00e9dio do Museu Mar\u00edtimo de \u00cdlhavo, e a Associa\u00e7\u00e3o dos Industriais de Bacalhau (AIB) s\u00e3o as duas institui\u00e7\u00f5es do concelho de \u00cdlhavo que integram o grupo de patrocinadores oficiais (cerca de duas dezenas) da terceira viagem de circum-navega\u00e7\u00e3o que o Navio Escola \u201cSagres\u201d est\u00e1 a fazer, p\u00e9riplo que ontem teve o seu in\u00edcio na capital portuguesa.<\/p>\n<p>Nesta viagem, que terminar\u00e1 no dia 23 de Dezembro, ap\u00f3s percorrer cerca de 36 mil milhas n\u00e1uticas, o navio \u201cSagres\u201d ir\u00e1 visitar 18 pa\u00edses. De Lisboa, o navio escola da Marinha Portuguesa atravessar\u00e1 o Oceano Atl\u00e2ntico rumo ao Brasil, escalando depois o Uruguai, ap\u00f3s o que entrar\u00e1 no Oceano Pac\u00edfico, escalando depois portos do Chile, Peru, Equador, M\u00e9xico e Estados Unidos da Am\u00e9rica, iniciando a travessia daquele oceano em direc\u00e7\u00e3o ao Jap\u00e3o, China (incluindo Macau), Coreia do Sul, Indon\u00e9sia, Timor-Leste, Singapura, Tail\u00e2ndia, Mal\u00e1sia e, j\u00e1 no Oceano \u00cdndico, a \u00cdndia. A Passagem para o Mar Mediterr\u00e2neo ser\u00e1 pelo Canal do Suez, no Egipto. Antes de entrar em \u00e1guas portuguesas, o \u201cSagres\u201d ainda far\u00e1 uma paragem na Arg\u00e9lia.<\/p>\n<p>Durante esta \u201cvolta ao mundo\u201d, que durar\u00e1 339 dias, dos quais 240 em navega\u00e7\u00e3o, o \u201cSagres\u201d participar\u00e1 em diversos eventos, entre os quais, a Regata Internacional de Grandes Veleiros \u201cVelas Sudam\u00e9rica 2010\u201d, as comemora\u00e7\u00f5es do Dia de Portugal, em San Diego, e do Tratado de Paz, Amizade e Com\u00e9rcio entre Portugal e o Jap\u00e3o, e a  Expo Xangai 2010.<\/p>\n<p>Para al\u00e9m de permitir a forma\u00e7\u00e3o em navega\u00e7\u00e3o a cerca de seis dezenas de cadetes da Escola Naval (a tripula\u00e7\u00e3o total \u00e9 da ordem das duas centenas, sob o comando do capit\u00e3o-de-fragata Lu\u00eds Mendes), o navio \u201cSagres\u201d tamb\u00e9m promover\u00e1 o nome de Portugal e dos patrocinadores oficiais da viagem, motivo que levou a autarquia ilhavense a entrar neste projecto que divulgar\u00e1 o nome de \u00cdlhavo e do Museu Mar\u00edtimo de \u00cdlhavo naqueles 18 pa\u00edses e na comunica\u00e7\u00e3o social estrangeira.<\/p>\n<p>Cardoso Ferreira<\/p>\n","protected":false},"excerpt":{"rendered":"<p>Durante 339 dias, o navio \u201cSagres\u201d vai dar a volta ao mundo. \u00cdlhavo apoia A C\u00e2mara Municipal de \u00cdlhavo (CMI), por interm\u00e9dio do Museu Mar\u00edtimo de \u00cdlhavo, e a Associa\u00e7\u00e3o dos Industriais de Bacalhau (AIB) s\u00e3o as duas institui\u00e7\u00f5es do concelho de \u00cdlhavo que integram o grupo de patrocinadores oficiais (cerca de duas dezenas) da [&hellip;]<\/p>\n","protected":false},"author":1,"featured_media":0,"comment_status":"open","ping_status":"open","sticky":false,"template":"","format":"standard","meta":{"footnotes":""},"categories":[45],"tags":[],"class_list":["post-359","post","type-post","status-publish","format-standard","hentry","category-regioes"],"_links":{"self":[{"href":"https:\/\/sites.ecclesia.pt\/cv\/wp-json\/wp\/v2\/posts\/359","targetHints":{"allow":["GET"]}}],"collection":[{"href":"https:\/\/sites.ecclesia.pt\/cv\/wp-json\/wp\/v2\/posts"}],"about":[{"href":"https:\/\/sites.ecclesia.pt\/cv\/wp-json\/wp\/v2\/types\/post"}],"author":[{"embeddable":true,"href":"https:\/\/sites.ecclesia.pt\/cv\/wp-json\/wp\/v2\/users\/1"}],"replies":[{"embeddable":true,"href":"https:\/\/sites.ecclesia.pt\/cv\/wp-json\/wp\/v2\/comments?post=359"}],"version-history":[{"count":0,"href":"https:\/\/sites.ecclesia.pt\/cv\/wp-json\/wp\/v2\/posts\/359\/revisions"}],"wp:attachment":[{"href":"https:\/\/sites.ecclesia.pt\/cv\/wp-json\/wp\/v2\/media?parent=359"}],"wp:term":[{"taxonomy":"category","embeddable":true,"href":"https:\/\/sites.ecclesia.pt\/cv\/wp-json\/wp\/v2\/categories?post=359"},{"taxonomy":"post_tag","embeddable":true,"href":"https:\/\/sites.ecclesia.pt\/cv\/wp-json\/wp\/v2\/tags?post=359"}],"curies":[{"name":"wp","href":"https:\/\/api.w.org\/{rel}","templated":true}]}}