{"id":3618,"date":"2009-09-16T09:58:00","date_gmt":"2009-09-16T09:58:00","guid":{"rendered":"http:\/\/localhost:81\/wp1\/?p=3618"},"modified":"2009-09-16T09:58:00","modified_gmt":"2009-09-16T09:58:00","slug":"tradicao-vai-manter-se-para-alegria-das-gentes-do-mar-e-da-ria","status":"publish","type":"post","link":"https:\/\/sites.ecclesia.pt\/cv\/tradicao-vai-manter-se-para-alegria-das-gentes-do-mar-e-da-ria\/","title":{"rendered":"Tradi\u00e7\u00e3o vai manter-se para alegria das gentes do mar e da ria"},"content":{"rendered":"<p>Prociss\u00e3o mar\u00edtima acontece no domingo, a partir das 14 horas, do Cais dos Bacalhoeiros ao Forte da Barra<\/p>\n<p>Os festejos em honra da Senhora dos Navegantes v\u00e3o realizar-se nos dias 19 e 20 de Setembro, na Gafanha da Nazar\u00e9. Cumpre-se, deste modo, a tradi\u00e7\u00e3o, para alegria das gentes do mar e da ria, que nutrem por Ela uma terna devo\u00e7\u00e3o. A organiza\u00e7\u00e3o \u00e9 do Grupo Etnogr\u00e1fico da Gafanha da Nazar\u00e9, que conta com a indispens\u00e1vel colabora\u00e7\u00e3o da par\u00f3quia e da Obra do Apostolado do Mar, bem como da Junta de Freguesia, Instituto Portugu\u00eas da Juventude, C\u00e2mara Municipal de \u00cdlhavo, Porto de Aveiro e outras institui\u00e7\u00f5es particulares e oficiais.<\/p>\n<p>No s\u00e1bado, no Stella Maris, pelas 21 horas, vai ser celebrada uma Eucaristia de ac\u00e7\u00e3o de gra\u00e7as por todos os que labutam sobre as ondas do mar e na laguna aveirense, que d\u00e3o p\u00e3o para muitas fam\u00edlias da nossa diocese, sem deixarem de estimular a coragem de todos, quando as \u00e1guas revoltas amea\u00e7am a integridade f\u00edsica dos mar\u00edtimos.<\/p>\n<p>No domingo, as festas come\u00e7am com a prociss\u00e3o pela ria. O cortejo lit\u00fargico sai do Stella Maris por volta das 14 horas, com irmandades e andores, em que pontifica o da Nossa Senhora dos Navegantes. Autoridades diversas, banda de m\u00fasica, grupos folcl\u00f3ricos e muito povo integram-se na prociss\u00e3o, que deve chegar ao Forte da Barra pelas 16h30.<\/p>\n<p>Deve assinalar-se a passagem por S\u00e3o Jacinto, onde o povo marca sempre presen\u00e7a simp\u00e1tica e amiga, mostrando a sua devo\u00e7\u00e3o a Nossa Senhora, gra\u00e7as \u00e0 iniciativa louv\u00e1vel de Dona Fernanda.<\/p>\n<p>No Forte da Barra, logo depois da chegada da prociss\u00e3o, haver\u00e1 missa solenizada, com c\u00e2nticos oferecidos pelos grupos folcl\u00f3ricos que participam nos festejos, sob o patroc\u00ednio do Grupo Etnogr\u00e1fico da Gafanha da Nazar\u00e9. Depois, no festival de folclore, actuam os Ranchos de Gouveia e de Taveiro, tal como o grupo anfitri\u00e3o.<\/p>\n<p>Fernando Martins<\/p>\n","protected":false},"excerpt":{"rendered":"<p>Prociss\u00e3o mar\u00edtima acontece no domingo, a partir das 14 horas, do Cais dos Bacalhoeiros ao Forte da Barra Os festejos em honra da Senhora dos Navegantes v\u00e3o realizar-se nos dias 19 e 20 de Setembro, na Gafanha da Nazar\u00e9. Cumpre-se, deste modo, a tradi\u00e7\u00e3o, para alegria das gentes do mar e da ria, que nutrem [&hellip;]<\/p>\n","protected":false},"author":1,"featured_media":0,"comment_status":"open","ping_status":"open","sticky":false,"template":"","format":"standard","meta":{"footnotes":""},"categories":[70],"tags":[],"class_list":["post-3618","post","type-post","status-publish","format-standard","hentry","category-diocese"],"_links":{"self":[{"href":"https:\/\/sites.ecclesia.pt\/cv\/wp-json\/wp\/v2\/posts\/3618","targetHints":{"allow":["GET"]}}],"collection":[{"href":"https:\/\/sites.ecclesia.pt\/cv\/wp-json\/wp\/v2\/posts"}],"about":[{"href":"https:\/\/sites.ecclesia.pt\/cv\/wp-json\/wp\/v2\/types\/post"}],"author":[{"embeddable":true,"href":"https:\/\/sites.ecclesia.pt\/cv\/wp-json\/wp\/v2\/users\/1"}],"replies":[{"embeddable":true,"href":"https:\/\/sites.ecclesia.pt\/cv\/wp-json\/wp\/v2\/comments?post=3618"}],"version-history":[{"count":0,"href":"https:\/\/sites.ecclesia.pt\/cv\/wp-json\/wp\/v2\/posts\/3618\/revisions"}],"wp:attachment":[{"href":"https:\/\/sites.ecclesia.pt\/cv\/wp-json\/wp\/v2\/media?parent=3618"}],"wp:term":[{"taxonomy":"category","embeddable":true,"href":"https:\/\/sites.ecclesia.pt\/cv\/wp-json\/wp\/v2\/categories?post=3618"},{"taxonomy":"post_tag","embeddable":true,"href":"https:\/\/sites.ecclesia.pt\/cv\/wp-json\/wp\/v2\/tags?post=3618"}],"curies":[{"name":"wp","href":"https:\/\/api.w.org\/{rel}","templated":true}]}}