{"id":3619,"date":"2009-09-16T09:59:00","date_gmt":"2009-09-16T09:59:00","guid":{"rendered":"http:\/\/localhost:81\/wp1\/?p=3619"},"modified":"2009-09-16T09:59:00","modified_gmt":"2009-09-16T09:59:00","slug":"lancamento-de-livro-sobre-toze-urbano","status":"publish","type":"post","link":"https:\/\/sites.ecclesia.pt\/cv\/lancamento-de-livro-sobre-toze-urbano\/","title":{"rendered":"Lan\u00e7amento de livro sobre ToZ\u00e9 Urbano"},"content":{"rendered":"<p>Nos 50 anos de Ant\u00f3nio Jos\u00e9 Urbano (18-09-1959 \u2013 20-07-2009), vai ser celebrada uma Eucaristia na igreja de S\u00e3o Bernardo (Aveiro), no dia 18 de Setembro, \u00e0s 19 horas, seguindo-se o lan\u00e7amento de um livro de homenagem. A obra intitula-se justamente \u201cAnt\u00f3nio Jos\u00e9 Urbano\u201d. Inclui uma biografia deste cat\u00f3lico empenhado na pastoral familiar, na luta contra o aborto e na liberdade de ensino, desaparecido prematuramente, bem como alguns escritos do homenageado e diversos testemunhos de pessoas que com ele privaram. \u201cSer\u00e1 um momento de agradecimento pela sua vida, de homenagem bem merecida por todo o bem que semeou e continua a semear nas nossas vidas\u201d, afirmou ao Correio do Vouga um familiar.<\/p>\n<p>A apresenta\u00e7\u00e3o do livro, no Sal\u00e3o Paroquial de S\u00e3o Bernardo, pelas 20h, estar\u00e1 a cargo do padre jesu\u00edta Vasco Magalh\u00e3es.<\/p>\n","protected":false},"excerpt":{"rendered":"<p>Nos 50 anos de Ant\u00f3nio Jos\u00e9 Urbano (18-09-1959 \u2013 20-07-2009), vai ser celebrada uma Eucaristia na igreja de S\u00e3o Bernardo (Aveiro), no dia 18 de Setembro, \u00e0s 19 horas, seguindo-se o lan\u00e7amento de um livro de homenagem. A obra intitula-se justamente \u201cAnt\u00f3nio Jos\u00e9 Urbano\u201d. Inclui uma biografia deste cat\u00f3lico empenhado na pastoral familiar, na luta [&hellip;]<\/p>\n","protected":false},"author":1,"featured_media":0,"comment_status":"open","ping_status":"open","sticky":false,"template":"","format":"standard","meta":{"footnotes":""},"categories":[70],"tags":[],"class_list":["post-3619","post","type-post","status-publish","format-standard","hentry","category-diocese"],"_links":{"self":[{"href":"https:\/\/sites.ecclesia.pt\/cv\/wp-json\/wp\/v2\/posts\/3619","targetHints":{"allow":["GET"]}}],"collection":[{"href":"https:\/\/sites.ecclesia.pt\/cv\/wp-json\/wp\/v2\/posts"}],"about":[{"href":"https:\/\/sites.ecclesia.pt\/cv\/wp-json\/wp\/v2\/types\/post"}],"author":[{"embeddable":true,"href":"https:\/\/sites.ecclesia.pt\/cv\/wp-json\/wp\/v2\/users\/1"}],"replies":[{"embeddable":true,"href":"https:\/\/sites.ecclesia.pt\/cv\/wp-json\/wp\/v2\/comments?post=3619"}],"version-history":[{"count":0,"href":"https:\/\/sites.ecclesia.pt\/cv\/wp-json\/wp\/v2\/posts\/3619\/revisions"}],"wp:attachment":[{"href":"https:\/\/sites.ecclesia.pt\/cv\/wp-json\/wp\/v2\/media?parent=3619"}],"wp:term":[{"taxonomy":"category","embeddable":true,"href":"https:\/\/sites.ecclesia.pt\/cv\/wp-json\/wp\/v2\/categories?post=3619"},{"taxonomy":"post_tag","embeddable":true,"href":"https:\/\/sites.ecclesia.pt\/cv\/wp-json\/wp\/v2\/tags?post=3619"}],"curies":[{"name":"wp","href":"https:\/\/api.w.org\/{rel}","templated":true}]}}