{"id":3751,"date":"2009-09-30T12:04:00","date_gmt":"2009-09-30T12:04:00","guid":{"rendered":"http:\/\/localhost:81\/wp1\/?p=3751"},"modified":"2009-09-30T12:04:00","modified_gmt":"2009-09-30T12:04:00","slug":"pastoral-juvenil-nacional-programa-actividades","status":"publish","type":"post","link":"https:\/\/sites.ecclesia.pt\/cv\/pastoral-juvenil-nacional-programa-actividades\/","title":{"rendered":"Pastoral Juvenil Nacional programa actividades"},"content":{"rendered":"<p>O Departamento Nacional de Pastoral Juvenil (DNPJ) divulgou o programa para o Ano Pastoral de 2009\/10, que ter\u00e1 como tema central \u00abBom mestre, que devo fazer para ter em heran\u00e7a a vida eterna?\u00bb. O s\u00edtio do DNPJ frisa tamb\u00e9m que o director e a restante equipa aguardam a nomea\u00e7\u00e3o da Assembleia Plen\u00e1ria da Confer\u00eancia Episcopal Portuguesa, a realizar no pr\u00f3ximo m\u00eas de Novembro.<\/p>\n<p>Ao n\u00edvel de actividades gerais para os \u00faltimos meses deste ano, o programa do DNPJ aponta o XII F\u00f3rum Ecum\u00e9nico Jovem, a realizar no Montijo, Set\u00fabal, a 24 de Outubro. Aqui ficam as grandes actividades da pastoral juvenil nacional.<\/p>\n<p>24 de Outubro de 2009<\/p>\n<p>XII FEJ &#8211; Montijo (Set\u00fabal)<\/p>\n<p>13 a 16 de Fevereiro de 2010<\/p>\n<p>Encontro Ib\u00e9rico de Taiz\u00e9, no Porto<\/p>\n<p>28 de Mar\u00e7o de 2010<\/p>\n<p>XXV Dia Mundial da Juventude &#8211; Celebra\u00e7\u00f5es Diocesanas<\/p>\n<p>01 e 02 de Maio de 2010<\/p>\n<p>F\u00e1tima Jovem (Peregrina\u00e7\u00e3o Nacional ou F\u00f3rum dos Animadores?)<\/p>\n<p>23 a 25 Julho de 2010<\/p>\n<p>Festival Jota em Viana do Castelo<\/p>\n","protected":false},"excerpt":{"rendered":"<p>O Departamento Nacional de Pastoral Juvenil (DNPJ) divulgou o programa para o Ano Pastoral de 2009\/10, que ter\u00e1 como tema central \u00abBom mestre, que devo fazer para ter em heran\u00e7a a vida eterna?\u00bb. O s\u00edtio do DNPJ frisa tamb\u00e9m que o director e a restante equipa aguardam a nomea\u00e7\u00e3o da Assembleia Plen\u00e1ria da Confer\u00eancia Episcopal [&hellip;]<\/p>\n","protected":false},"author":1,"featured_media":0,"comment_status":"open","ping_status":"open","sticky":false,"template":"","format":"standard","meta":{"footnotes":""},"categories":[51],"tags":[],"class_list":["post-3751","post","type-post","status-publish","format-standard","hentry","category-jovens"],"_links":{"self":[{"href":"https:\/\/sites.ecclesia.pt\/cv\/wp-json\/wp\/v2\/posts\/3751","targetHints":{"allow":["GET"]}}],"collection":[{"href":"https:\/\/sites.ecclesia.pt\/cv\/wp-json\/wp\/v2\/posts"}],"about":[{"href":"https:\/\/sites.ecclesia.pt\/cv\/wp-json\/wp\/v2\/types\/post"}],"author":[{"embeddable":true,"href":"https:\/\/sites.ecclesia.pt\/cv\/wp-json\/wp\/v2\/users\/1"}],"replies":[{"embeddable":true,"href":"https:\/\/sites.ecclesia.pt\/cv\/wp-json\/wp\/v2\/comments?post=3751"}],"version-history":[{"count":0,"href":"https:\/\/sites.ecclesia.pt\/cv\/wp-json\/wp\/v2\/posts\/3751\/revisions"}],"wp:attachment":[{"href":"https:\/\/sites.ecclesia.pt\/cv\/wp-json\/wp\/v2\/media?parent=3751"}],"wp:term":[{"taxonomy":"category","embeddable":true,"href":"https:\/\/sites.ecclesia.pt\/cv\/wp-json\/wp\/v2\/categories?post=3751"},{"taxonomy":"post_tag","embeddable":true,"href":"https:\/\/sites.ecclesia.pt\/cv\/wp-json\/wp\/v2\/tags?post=3751"}],"curies":[{"name":"wp","href":"https:\/\/api.w.org\/{rel}","templated":true}]}}