{"id":3752,"date":"2009-09-30T12:04:00","date_gmt":"2009-09-30T12:04:00","guid":{"rendered":"http:\/\/localhost:81\/wp1\/?p=3752"},"modified":"2009-09-30T12:04:00","modified_gmt":"2009-09-30T12:04:00","slug":"concertos-para-acolher-caloiros","status":"publish","type":"post","link":"https:\/\/sites.ecclesia.pt\/cv\/concertos-para-acolher-caloiros\/","title":{"rendered":"Concertos para acolher caloiros"},"content":{"rendered":"<p>O Integra-te\u201909 \u2013 programa da Associa\u00e7\u00e3o Acad\u00e9mica para acolher os caloiros da Universidade de Aveiro &#8211; decorre de 2 a 6 de Outubro, nas imedia\u00e7\u00f5es do Est\u00e1dio Municipal de Aveiro, \u201ccom transportes a partir do centro da cidade para garantir que ningu\u00e9m fica para tr\u00e1s\u201d.<\/p>\n<p>Aqui ficam os dias e os concertos: Dia 2, Sexta-feira: Mundo C\u00e3o, Flow 212, Recarga; dia 3, s\u00e1bado: Ang\u00e9lico, Mundo Secreto, Paul da Silva; dia 4, domingo: Makongo, Peixe:Avi\u00e3o, Peste Negra; dia 5, segunda-feira: Quim Barreiros, Tuna Universit\u00e1ria de Aveiro, Tuna Feminina de Aveiro, Cartola\u2019s Band; dia 6, ter\u00e7a-feira: Leonel Nunes e Meidin.<\/p>\n","protected":false},"excerpt":{"rendered":"<p>O Integra-te\u201909 \u2013 programa da Associa\u00e7\u00e3o Acad\u00e9mica para acolher os caloiros da Universidade de Aveiro &#8211; decorre de 2 a 6 de Outubro, nas imedia\u00e7\u00f5es do Est\u00e1dio Municipal de Aveiro, \u201ccom transportes a partir do centro da cidade para garantir que ningu\u00e9m fica para tr\u00e1s\u201d. Aqui ficam os dias e os concertos: Dia 2, Sexta-feira: [&hellip;]<\/p>\n","protected":false},"author":1,"featured_media":0,"comment_status":"open","ping_status":"open","sticky":false,"template":"","format":"standard","meta":{"footnotes":""},"categories":[51],"tags":[],"class_list":["post-3752","post","type-post","status-publish","format-standard","hentry","category-jovens"],"_links":{"self":[{"href":"https:\/\/sites.ecclesia.pt\/cv\/wp-json\/wp\/v2\/posts\/3752","targetHints":{"allow":["GET"]}}],"collection":[{"href":"https:\/\/sites.ecclesia.pt\/cv\/wp-json\/wp\/v2\/posts"}],"about":[{"href":"https:\/\/sites.ecclesia.pt\/cv\/wp-json\/wp\/v2\/types\/post"}],"author":[{"embeddable":true,"href":"https:\/\/sites.ecclesia.pt\/cv\/wp-json\/wp\/v2\/users\/1"}],"replies":[{"embeddable":true,"href":"https:\/\/sites.ecclesia.pt\/cv\/wp-json\/wp\/v2\/comments?post=3752"}],"version-history":[{"count":0,"href":"https:\/\/sites.ecclesia.pt\/cv\/wp-json\/wp\/v2\/posts\/3752\/revisions"}],"wp:attachment":[{"href":"https:\/\/sites.ecclesia.pt\/cv\/wp-json\/wp\/v2\/media?parent=3752"}],"wp:term":[{"taxonomy":"category","embeddable":true,"href":"https:\/\/sites.ecclesia.pt\/cv\/wp-json\/wp\/v2\/categories?post=3752"},{"taxonomy":"post_tag","embeddable":true,"href":"https:\/\/sites.ecclesia.pt\/cv\/wp-json\/wp\/v2\/tags?post=3752"}],"curies":[{"name":"wp","href":"https:\/\/api.w.org\/{rel}","templated":true}]}}