{"id":3754,"date":"2009-09-30T12:06:00","date_gmt":"2009-09-30T12:06:00","guid":{"rendered":"http:\/\/localhost:81\/wp1\/?p=3754"},"modified":"2009-09-30T12:06:00","modified_gmt":"2009-09-30T12:06:00","slug":"dentro-da-cabeca-de-uma-jovem-muculmana-europeia","status":"publish","type":"post","link":"https:\/\/sites.ecclesia.pt\/cv\/dentro-da-cabeca-de-uma-jovem-muculmana-europeia\/","title":{"rendered":"Dentro da cabe\u00e7a de uma jovem mu\u00e7ulmana europeia"},"content":{"rendered":"<p>Livro <!--more--> A maior amiga de Jasmim \u00e9 Amira, que tem 23 anos e est\u00e1 prestes a casar-se com Shedi. Jasmim est\u00e1 preocupada porque a m\u00e3e do noivo de Amira, uma senhora de valores mu\u00e7ulmanos tradicionais, quer que a quase nora fa\u00e7a um teste de virgindade. Jasmim recebeu de Amira uma mensagem que diz: \u201cSocoooorro! Futura sogra prop\u00f5e, ou antes, imp\u00f5e, visita ao ginecologista (o dela). Objectivo: verificar a necess\u00e1ria e imprescind\u00edvel imaculada condi\u00e7\u00e3o para desposar o seu sant\u00edssimo filho. Achas que \u00e9 grave?\u201d. \u00c9 s\u00f3 o in\u00edcio.<\/p>\n<p>\u201cHoje talvez n\u00e3o mate ningu\u00e9m\u201d \u00e9 um livro muito bem escrito e muito leve, cheio de sugestivos di\u00e1logos entre amigos e em fam\u00edlia. Passa-se numa fam\u00edlia mu\u00e7ulmana, de boa condi\u00e7\u00e3o social, a viver na Europa, mais concretamente na It\u00e1lia.<\/p>\n<p>O t\u00edtulo do livro \u00e9 obviamente ir\u00f3nico. Remete para o que os ocidentais podem pensar sobre os mu\u00e7ulmanos ap\u00f3s o 11 de Setembro. Por isso mesmo, se h\u00e1 algu\u00e9m que a protagonista detesta \u00e9 a jornalista Oriana Fallaci, que ap\u00f3s a queda das torres nova-iorquinas escreveu de forma indecente sobre os mu\u00e7ulmanos, como se estivesse iminente a proibi\u00e7\u00e3o das bebidas alco\u00f3licas na Europa e a pena de morte para quem as beba, a proibi\u00e7\u00e3o da minissaia, a obriga\u00e7\u00e3o do chador e o leite de camela\u2026<\/p>\n<p>E por isso mesmo (outra uma vez), entre os muitos desejos de Jasmim, (\u201cque o Shedi deixe de parecer com um orangotango\u2026 para bem de Amira\u201d, \u201cque a minha celutite desapare\u00e7a\u201d, \u201cque Roberto Benigni venha a ser primeiro-ministro\u201d, \u201cque eu deixe de pisar cacas quando ando na rua\u201d, \u201cque Israel deixe de Matar\u201d, \u201cque o Hamas deixe de matar\u201d), est\u00e1 este: \u201cQue os jornalistas furiosos n\u00e3o cuspam veneno sobre n\u00f3s, e que os racistas, os intolerantes e os medrosos n\u00e3o d\u00eaem ouvidos a jornalistas furiosas\u201d.<\/p>\n<p>A autora<\/p>\n<p>Randa Ghazy nasceu em Mil\u00e3o, filha de pais eg\u00edpcios. Em 2002, com quinze anos, publicou o seu primeiro romance, o aclamado \u201cSonhando com a Palestina\u201d, que j\u00e1 foi traduzido em quinze l\u00ednguas. Estuda Rela\u00e7\u00f5es Internacionais e quer ser jornalista, aprender uma vintena de l\u00ednguas estrangeiras, viajar e continuar a escrever romances.<\/p>\n","protected":false},"excerpt":{"rendered":"<p>Livro<\/p>\n","protected":false},"author":1,"featured_media":0,"comment_status":"open","ping_status":"open","sticky":false,"template":"","format":"standard","meta":{"footnotes":""},"categories":[51],"tags":[],"class_list":["post-3754","post","type-post","status-publish","format-standard","hentry","category-jovens"],"_links":{"self":[{"href":"https:\/\/sites.ecclesia.pt\/cv\/wp-json\/wp\/v2\/posts\/3754","targetHints":{"allow":["GET"]}}],"collection":[{"href":"https:\/\/sites.ecclesia.pt\/cv\/wp-json\/wp\/v2\/posts"}],"about":[{"href":"https:\/\/sites.ecclesia.pt\/cv\/wp-json\/wp\/v2\/types\/post"}],"author":[{"embeddable":true,"href":"https:\/\/sites.ecclesia.pt\/cv\/wp-json\/wp\/v2\/users\/1"}],"replies":[{"embeddable":true,"href":"https:\/\/sites.ecclesia.pt\/cv\/wp-json\/wp\/v2\/comments?post=3754"}],"version-history":[{"count":0,"href":"https:\/\/sites.ecclesia.pt\/cv\/wp-json\/wp\/v2\/posts\/3754\/revisions"}],"wp:attachment":[{"href":"https:\/\/sites.ecclesia.pt\/cv\/wp-json\/wp\/v2\/media?parent=3754"}],"wp:term":[{"taxonomy":"category","embeddable":true,"href":"https:\/\/sites.ecclesia.pt\/cv\/wp-json\/wp\/v2\/categories?post=3754"},{"taxonomy":"post_tag","embeddable":true,"href":"https:\/\/sites.ecclesia.pt\/cv\/wp-json\/wp\/v2\/tags?post=3754"}],"curies":[{"name":"wp","href":"https:\/\/api.w.org\/{rel}","templated":true}]}}