{"id":3756,"date":"2009-09-30T12:28:00","date_gmt":"2009-09-30T12:28:00","guid":{"rendered":"http:\/\/localhost:81\/wp1\/?p=3756"},"modified":"2009-09-30T12:28:00","modified_gmt":"2009-09-30T12:28:00","slug":"deputados-eleitos-pelo-distrito-de-aveiro","status":"publish","type":"post","link":"https:\/\/sites.ecclesia.pt\/cv\/deputados-eleitos-pelo-distrito-de-aveiro\/","title":{"rendered":"Deputados eleitos pelo distrito de Aveiro"},"content":{"rendered":"<p>Breve <!--more--> No distrito de Aveiro foram eleitos os seguintes deputados \u00e0 Assembleia da Rep\u00fablica:<\/p>\n<p>PS (seis deputados) \u2013 Maria de Bel\u00e9m Roseira, Lu\u00eds Candal, S\u00e9rgio Sousa Pinto, Rosa Maria Albernaz, V\u00edtor Fontes e Filipe Neto Brand\u00e3o; PSD (sete deputados) \u2013 Ant\u00f3nio Couto dos Santos, Ulisses Pereira, Maria Paula Cardoso, Amadeu Albergaria, Paulo Cavaleiro, Carla Rodrigues e Lu\u00eds Filipe Montenegro; CDS\/PP (dois deputados) \u2013 Paulo Portas e Raul Almeida; BE (um deputado) \u2013 Pedro Soares.<\/p>\n","protected":false},"excerpt":{"rendered":"<p>Breve<\/p>\n","protected":false},"author":1,"featured_media":0,"comment_status":"open","ping_status":"open","sticky":false,"template":"","format":"standard","meta":{"footnotes":""},"categories":[45],"tags":[],"class_list":["post-3756","post","type-post","status-publish","format-standard","hentry","category-regioes"],"_links":{"self":[{"href":"https:\/\/sites.ecclesia.pt\/cv\/wp-json\/wp\/v2\/posts\/3756","targetHints":{"allow":["GET"]}}],"collection":[{"href":"https:\/\/sites.ecclesia.pt\/cv\/wp-json\/wp\/v2\/posts"}],"about":[{"href":"https:\/\/sites.ecclesia.pt\/cv\/wp-json\/wp\/v2\/types\/post"}],"author":[{"embeddable":true,"href":"https:\/\/sites.ecclesia.pt\/cv\/wp-json\/wp\/v2\/users\/1"}],"replies":[{"embeddable":true,"href":"https:\/\/sites.ecclesia.pt\/cv\/wp-json\/wp\/v2\/comments?post=3756"}],"version-history":[{"count":0,"href":"https:\/\/sites.ecclesia.pt\/cv\/wp-json\/wp\/v2\/posts\/3756\/revisions"}],"wp:attachment":[{"href":"https:\/\/sites.ecclesia.pt\/cv\/wp-json\/wp\/v2\/media?parent=3756"}],"wp:term":[{"taxonomy":"category","embeddable":true,"href":"https:\/\/sites.ecclesia.pt\/cv\/wp-json\/wp\/v2\/categories?post=3756"},{"taxonomy":"post_tag","embeddable":true,"href":"https:\/\/sites.ecclesia.pt\/cv\/wp-json\/wp\/v2\/tags?post=3756"}],"curies":[{"name":"wp","href":"https:\/\/api.w.org\/{rel}","templated":true}]}}