{"id":3798,"date":"2009-09-30T12:02:00","date_gmt":"2009-09-30T12:02:00","guid":{"rendered":"http:\/\/localhost:81\/wp1\/?p=3798"},"modified":"2009-09-30T12:02:00","modified_gmt":"2009-09-30T12:02:00","slug":"se-conhecesses-o-dom-de-deus","status":"publish","type":"post","link":"https:\/\/sites.ecclesia.pt\/cv\/se-conhecesses-o-dom-de-deus\/","title":{"rendered":"Se conhecesses o dom de Deus"},"content":{"rendered":"<p>Po\u00e7o de Jacob &#8211; 4 <!--more--> Cristo fala assim \u00e0 samaritana. \u201cSe conhecesses\u201d. Conhe-cer, na B\u00edblia, muitas vezes n\u00e3o se refere a um acto intelectual, mas a uma experi\u00eancia \u00edntima, \u00e0 uma rela\u00e7\u00e3o \u00edntima. Jesus fala muito disso na sua ora\u00e7\u00e3o sacerdotal no cap\u00edtulo 17 de S. Jo\u00e3o. Conhecer \u00e9 permanecer Nele. Isto \u00e9 o segredo da verdadeira vida interior de comunh\u00e3o com Deus. Comungar o Corpo e o Sangue do Senhor \u00e9, fisicamente, ter Deus dentro de n\u00f3s, em Jesus Cristo. Comungar a sua Palavra. Comungar sua Vontade.<\/p>\n<p>Comungar o irm\u00e3o\u2026 A Vida espiritual fundamenta-se na experi\u00eancia viva, amorosa e actuante de Deus em N\u00f3s. Ele habita em mim. Sou Santu\u00e1rio de Amor do Amor, que \u00e9 Deus, ainda que eu seja feito de barro. N\u00e3o posso ser testemunha de Deus, s\u00f3 porque estudei no semin\u00e1rio e me especializei na ci\u00eancia de Deus. S\u00f3 posso testemunhar o que vi, ouvi, toquei, como diz S. Jo\u00e3o na sua primeira ep\u00edstola. Se n\u00e3o conheci Deus em mim, pelo profundo trato de amizade que \u00e9 a ora\u00e7\u00e3o, posso falar de Deus, mas n\u00e3o passarei de um profissional da religi\u00e3o. Ele n\u00e3o ser\u00e1 VIDA EM MIM, nem, atrav\u00e9s de mim, VIDA PARA OS OUTROS.<\/p>\n<p>Por isso, conhecer o dom de Deus \u00e9 tarefa primordial na educa\u00e7\u00e3o e na auto-educa\u00e7\u00e3o do homem, de cada homem, de mim mesmo. O Homem s\u00f3 se entender\u00e1 a si mesmo quando conhecer o dom de Deus que ele \u00e9 em si mesmo e para si mesmo e quando entender o dom que Deus faz de Si mesmo ao Homem. Que nele nos movemos e existimos. Que Ele reza em n\u00f3s com gemidos inef\u00e1veis. Que Ele quer amar em mim. E que Ele quer amar-me a mim, dentro de mim, numa intimidade de amor que leva n\u00e3o s\u00f3 ao verdadeiro e perfeito conhecimento de si pr\u00f3prio, enquanto homem, mas tamb\u00e9m \u00e0 viv\u00eancia desse RIO DE \u00c1GUA VIVA que corre l\u00e1 no fundo do nosso PO\u00c7O. \u201cAh, se conhecesses\u2026 tu mesmo te farias dom\u201d.<\/p>\n<p>Por isso, dizia o grande Agostinho: \u201cTu me criastes para Ti e meu cora\u00e7\u00e3o anda inquieto enquanto n\u00e3o descansa em Ti\u201d. Qual \u00e9 o caminho? Santa Teresa de \u00c1vila \u00e9 Mestra no assunto: \u201cEstar a s\u00f3s, com quem sabemos que nos ama\u201d. Essa \u00e9 a mais bela aventura do existir.<\/p>\n<p>P.e V\u00edctor Espadilha<\/p>\n","protected":false},"excerpt":{"rendered":"<p>Po\u00e7o de Jacob &#8211; 4<\/p>\n","protected":false},"author":1,"featured_media":0,"comment_status":"open","ping_status":"open","sticky":false,"template":"","format":"standard","meta":{"footnotes":""},"categories":[41],"tags":[],"class_list":["post-3798","post","type-post","status-publish","format-standard","hentry","category-eucaristia"],"_links":{"self":[{"href":"https:\/\/sites.ecclesia.pt\/cv\/wp-json\/wp\/v2\/posts\/3798","targetHints":{"allow":["GET"]}}],"collection":[{"href":"https:\/\/sites.ecclesia.pt\/cv\/wp-json\/wp\/v2\/posts"}],"about":[{"href":"https:\/\/sites.ecclesia.pt\/cv\/wp-json\/wp\/v2\/types\/post"}],"author":[{"embeddable":true,"href":"https:\/\/sites.ecclesia.pt\/cv\/wp-json\/wp\/v2\/users\/1"}],"replies":[{"embeddable":true,"href":"https:\/\/sites.ecclesia.pt\/cv\/wp-json\/wp\/v2\/comments?post=3798"}],"version-history":[{"count":0,"href":"https:\/\/sites.ecclesia.pt\/cv\/wp-json\/wp\/v2\/posts\/3798\/revisions"}],"wp:attachment":[{"href":"https:\/\/sites.ecclesia.pt\/cv\/wp-json\/wp\/v2\/media?parent=3798"}],"wp:term":[{"taxonomy":"category","embeddable":true,"href":"https:\/\/sites.ecclesia.pt\/cv\/wp-json\/wp\/v2\/categories?post=3798"},{"taxonomy":"post_tag","embeddable":true,"href":"https:\/\/sites.ecclesia.pt\/cv\/wp-json\/wp\/v2\/tags?post=3798"}],"curies":[{"name":"wp","href":"https:\/\/api.w.org\/{rel}","templated":true}]}}