{"id":38,"date":"2006-04-03T14:44:00","date_gmt":"2006-04-03T14:44:00","guid":{"rendered":"http:\/\/localhost:81\/wp1\/?p=38"},"modified":"2006-04-03T14:44:00","modified_gmt":"2006-04-03T14:44:00","slug":"a-luz-da-palavra","status":"publish","type":"post","link":"https:\/\/sites.ecclesia.pt\/cv\/a-luz-da-palavra\/","title":{"rendered":"\u00c0 Luz da Palavra"},"content":{"rendered":"<p>XXIII Domingo do Tempo Comum &#8211; Ano B <!--more--> Como certamente \u00e9 do conhecimento dos nossos leitores, est\u00e1 em marcha uma campanha a n\u00edvel nacional \u2013\u201dRenascen\u00e7a-C\u00e1ritas Ajuda Portugal\u201d \u2013 destinada a angariar fundos para acudir aos que sofreram as consequ\u00eancias dos devastadores inc\u00eandios florestais. J\u00e1 aqui divulg\u00e1mos o n\u00famero da conta da Caixa Geral de Dep\u00f3sitos (CGD) \u2013  0697602410830 \u2013 aberta para receber os donativos, bem como public\u00e1mos uma Nota do nosso Bispo, D. Ant\u00f3nio Marcelino, em que determina que os pedit\u00f3rios das missas do dia 14 de Setembro, domingo, sejam destinados ao mesmo fim. <\/p>\n<p>Porque o assunto continua pertinente e urgente, voltamos a ele, na esperan\u00e7a de que os cat\u00f3licos da Diocese de Aveiro, em especial, e o povo, em geral, n\u00e3o se esque\u00e7am desta obriga\u00e7\u00e3o moral que nos deve conduzir \u00e0 solidariedade e \u00e0 caridade com quem ficou sem teres e haveres, de um dia para o outro.<\/p>\n<p>Colaborar torna-se muito f\u00e1cil. Quando os nossos leitores passarem por uma qualquer Ag\u00eancia da CGD, s\u00f3 t\u00eam que entrar e dizer que querem depositar uma quantia na conta da \u201cRenascen\u00e7a-C\u00e1ritas Ajuda Portugal\u201d, que os funcion\u00e1rios logo dar\u00e3o uma ajuda. Nem \u00e9 preciso saber o n\u00famero da conta. Eles j\u00e1 sabem do que se trata. Experimentem, por favor.<\/p>\n<p>A Campanha prolonga-se, em princ\u00edpio, at\u00e9 30 de Setembro e vai j\u00e1 a caminho dos dois milh\u00f5es de euros. <\/p>\n<p>Entretanto, as C\u00e1ritas Diocesanas das \u00e1reas abrangidas pelos inc\u00eandios florestais n\u00e3o deixar\u00e3o de apresentar projectos para serem financiados por esta Campanha t\u00e3o oportuna.<\/p>\n","protected":false},"excerpt":{"rendered":"<p>XXIII Domingo do Tempo Comum &#8211; Ano B<\/p>\n","protected":false},"author":1,"featured_media":0,"comment_status":"open","ping_status":"open","sticky":false,"template":"","format":"standard","meta":{"footnotes":""},"categories":[70],"tags":[],"class_list":["post-38","post","type-post","status-publish","format-standard","hentry","category-diocese"],"_links":{"self":[{"href":"https:\/\/sites.ecclesia.pt\/cv\/wp-json\/wp\/v2\/posts\/38","targetHints":{"allow":["GET"]}}],"collection":[{"href":"https:\/\/sites.ecclesia.pt\/cv\/wp-json\/wp\/v2\/posts"}],"about":[{"href":"https:\/\/sites.ecclesia.pt\/cv\/wp-json\/wp\/v2\/types\/post"}],"author":[{"embeddable":true,"href":"https:\/\/sites.ecclesia.pt\/cv\/wp-json\/wp\/v2\/users\/1"}],"replies":[{"embeddable":true,"href":"https:\/\/sites.ecclesia.pt\/cv\/wp-json\/wp\/v2\/comments?post=38"}],"version-history":[{"count":0,"href":"https:\/\/sites.ecclesia.pt\/cv\/wp-json\/wp\/v2\/posts\/38\/revisions"}],"wp:attachment":[{"href":"https:\/\/sites.ecclesia.pt\/cv\/wp-json\/wp\/v2\/media?parent=38"}],"wp:term":[{"taxonomy":"category","embeddable":true,"href":"https:\/\/sites.ecclesia.pt\/cv\/wp-json\/wp\/v2\/categories?post=38"},{"taxonomy":"post_tag","embeddable":true,"href":"https:\/\/sites.ecclesia.pt\/cv\/wp-json\/wp\/v2\/tags?post=38"}],"curies":[{"name":"wp","href":"https:\/\/api.w.org\/{rel}","templated":true}]}}