{"id":3800,"date":"2009-09-30T12:14:00","date_gmt":"2009-09-30T12:14:00","guid":{"rendered":"http:\/\/localhost:81\/wp1\/?p=3800"},"modified":"2009-09-30T12:14:00","modified_gmt":"2009-09-30T12:14:00","slug":"associacao-dos-antigos-alunos-do-liceu-de-aveiro-tem-sede-no-mercado-de-santiago","status":"publish","type":"post","link":"https:\/\/sites.ecclesia.pt\/cv\/associacao-dos-antigos-alunos-do-liceu-de-aveiro-tem-sede-no-mercado-de-santiago\/","title":{"rendered":"Associa\u00e7\u00e3o dos Antigos Alunos do Liceu de Aveiro tem sede no Mercado de Santiago"},"content":{"rendered":"<p>A ALA \u2013 Associa\u00e7\u00e3o dos Antigos Alunos do Liceu de Aveiro inaugurou a sua nova sede, situada no piso superior do Mercado de Santiago, em Aveiro, sess\u00e3o em que foram empossados os novos \u00f3rg\u00e3os directivos e apresentado o plano de actividades para o ano 2009 \/ 2010.<\/p>\n<p>A atribui\u00e7\u00e3o de subs\u00eddios escolares a alunos das actuais escolas secund\u00e1rias Jos\u00e9 Est\u00eav\u00e3o e Homem Cristo (nas quais funcionou o antigo Liceu de Aveiro) e a entrega dos pr\u00e9mios aos melhores alunos dessas escolas s\u00e3o os pontos altos do plano de actividades.<\/p>\n<p>Anualmente, a ALA entrega quatro pr\u00e9mios de m\u00e9rito escolar, com o valor monet\u00e1rio de 250 euros, cada.<\/p>\n<p>Na Secund\u00e1ria Jos\u00e9 Est\u00eav\u00e3o, s\u00e3o atribu\u00eddos dois pr\u00e9mios: Pr\u00e9mio Dr. Jos\u00e9 Pereira Tavares, ao melhor aluno de Portugu\u00eas, e o Pr\u00e9mio Dr. Orlando de Oliveira, para o melhor aluno de Biologia e Geologia. O Pr\u00e9mio Dr. Francisco Ferreira Neves, para o melhor aluno de Matem\u00e1tica, e o Pr\u00e9mio Dr. Francisco Assis Ferreira da Maia, para o melhor aluno de Hist\u00f3ria, s\u00e3o atribu\u00eddos na ES Homem Cristo.<\/p>\n<p>\u00d3rg\u00e3os da ACA<\/p>\n<p>A mesa da assembleia-geral \u00e9 constitu\u00edda por Artur Manuel da Gra\u00e7a e Cunha (presidente), Jo\u00e3o \u00c1lvaro Dias Alfarelos e Jos\u00e9 Mendon\u00e7a Lemos (secret\u00e1rios).<\/p>\n<p>A direc\u00e7\u00e3o, presidida por Rui Jos\u00e9 Gomes de Brito, inclui Concei\u00e7\u00e3o Maria Santos Ferreira (secret\u00e1ria), Ant\u00f3nio Barreto Cerqueira (tesoureiro), H\u00e9lder Manuel Pereira Moreira e Aguinaldo Armindo Silva Melo (vogais). O conselho coordenador \u00e9 composto por Artur Fernando Seabra Oliveira (presidente), Ant\u00f3nio Carlos Gamelas Souto e Maria do C\u00e9u Moreira Duarte Neto (secret\u00e1rios).<\/p>\n","protected":false},"excerpt":{"rendered":"<p>A ALA \u2013 Associa\u00e7\u00e3o dos Antigos Alunos do Liceu de Aveiro inaugurou a sua nova sede, situada no piso superior do Mercado de Santiago, em Aveiro, sess\u00e3o em que foram empossados os novos \u00f3rg\u00e3os directivos e apresentado o plano de actividades para o ano 2009 \/ 2010. A atribui\u00e7\u00e3o de subs\u00eddios escolares a alunos das [&hellip;]<\/p>\n","protected":false},"author":1,"featured_media":0,"comment_status":"open","ping_status":"open","sticky":false,"template":"","format":"standard","meta":{"footnotes":""},"categories":[45],"tags":[],"class_list":["post-3800","post","type-post","status-publish","format-standard","hentry","category-regioes"],"_links":{"self":[{"href":"https:\/\/sites.ecclesia.pt\/cv\/wp-json\/wp\/v2\/posts\/3800","targetHints":{"allow":["GET"]}}],"collection":[{"href":"https:\/\/sites.ecclesia.pt\/cv\/wp-json\/wp\/v2\/posts"}],"about":[{"href":"https:\/\/sites.ecclesia.pt\/cv\/wp-json\/wp\/v2\/types\/post"}],"author":[{"embeddable":true,"href":"https:\/\/sites.ecclesia.pt\/cv\/wp-json\/wp\/v2\/users\/1"}],"replies":[{"embeddable":true,"href":"https:\/\/sites.ecclesia.pt\/cv\/wp-json\/wp\/v2\/comments?post=3800"}],"version-history":[{"count":0,"href":"https:\/\/sites.ecclesia.pt\/cv\/wp-json\/wp\/v2\/posts\/3800\/revisions"}],"wp:attachment":[{"href":"https:\/\/sites.ecclesia.pt\/cv\/wp-json\/wp\/v2\/media?parent=3800"}],"wp:term":[{"taxonomy":"category","embeddable":true,"href":"https:\/\/sites.ecclesia.pt\/cv\/wp-json\/wp\/v2\/categories?post=3800"},{"taxonomy":"post_tag","embeddable":true,"href":"https:\/\/sites.ecclesia.pt\/cv\/wp-json\/wp\/v2\/tags?post=3800"}],"curies":[{"name":"wp","href":"https:\/\/api.w.org\/{rel}","templated":true}]}}