{"id":3802,"date":"2009-09-30T12:17:00","date_gmt":"2009-09-30T12:17:00","guid":{"rendered":"http:\/\/localhost:81\/wp1\/?p=3802"},"modified":"2009-09-30T12:17:00","modified_gmt":"2009-09-30T12:17:00","slug":"cruz-vermelha-de-agueda-recebe-tenda","status":"publish","type":"post","link":"https:\/\/sites.ecclesia.pt\/cv\/cruz-vermelha-de-agueda-recebe-tenda\/","title":{"rendered":"Cruz Vermelha de \u00c1gueda recebe tenda"},"content":{"rendered":"<p>Breve <!--more--> A C\u00e2mara Municipal de \u00c1gueda acaba de oferecer \u00e0 Cruz Vermelha de \u00c1gueda uma tenda insufl\u00e1vel, com 42 metros quadrados de \u00e1rea, que poder\u00e1 ser montada em menos de cinco minutos, concebida para ser usada em situa\u00e7\u00f5es de emerg\u00eancia ou de cat\u00e1strofe.<\/p>\n","protected":false},"excerpt":{"rendered":"<p>Breve<\/p>\n","protected":false},"author":1,"featured_media":0,"comment_status":"open","ping_status":"open","sticky":false,"template":"","format":"standard","meta":{"footnotes":""},"categories":[45],"tags":[],"class_list":["post-3802","post","type-post","status-publish","format-standard","hentry","category-regioes"],"_links":{"self":[{"href":"https:\/\/sites.ecclesia.pt\/cv\/wp-json\/wp\/v2\/posts\/3802","targetHints":{"allow":["GET"]}}],"collection":[{"href":"https:\/\/sites.ecclesia.pt\/cv\/wp-json\/wp\/v2\/posts"}],"about":[{"href":"https:\/\/sites.ecclesia.pt\/cv\/wp-json\/wp\/v2\/types\/post"}],"author":[{"embeddable":true,"href":"https:\/\/sites.ecclesia.pt\/cv\/wp-json\/wp\/v2\/users\/1"}],"replies":[{"embeddable":true,"href":"https:\/\/sites.ecclesia.pt\/cv\/wp-json\/wp\/v2\/comments?post=3802"}],"version-history":[{"count":0,"href":"https:\/\/sites.ecclesia.pt\/cv\/wp-json\/wp\/v2\/posts\/3802\/revisions"}],"wp:attachment":[{"href":"https:\/\/sites.ecclesia.pt\/cv\/wp-json\/wp\/v2\/media?parent=3802"}],"wp:term":[{"taxonomy":"category","embeddable":true,"href":"https:\/\/sites.ecclesia.pt\/cv\/wp-json\/wp\/v2\/categories?post=3802"},{"taxonomy":"post_tag","embeddable":true,"href":"https:\/\/sites.ecclesia.pt\/cv\/wp-json\/wp\/v2\/tags?post=3802"}],"curies":[{"name":"wp","href":"https:\/\/api.w.org\/{rel}","templated":true}]}}