{"id":3804,"date":"2009-09-30T12:20:00","date_gmt":"2009-09-30T12:20:00","guid":{"rendered":"http:\/\/localhost:81\/wp1\/?p=3804"},"modified":"2009-09-30T12:20:00","modified_gmt":"2009-09-30T12:20:00","slug":"parque-de-estacionamento-junto-ao-rio-agueda","status":"publish","type":"post","link":"https:\/\/sites.ecclesia.pt\/cv\/parque-de-estacionamento-junto-ao-rio-agueda\/","title":{"rendered":"Parque de estacionamento junto ao rio \u00c1gueda"},"content":{"rendered":"<p>Breve <!--more--> A C\u00e2mara Municipal de \u00c1gueda procedeu \u00e0 demoli\u00e7\u00e3o de um pr\u00e9dio devoluto, situado junto ao rio \u00c1gueda, na freguesia de Recard\u00e3es. No local vai surgir um parque de estacionamento p\u00fablico. O terreno foi cedido gratuitamente \u00e0 autarquia, atrav\u00e9s de um protocolo celebrado entre a edilidade e a imobili\u00e1ria Peclar. A autarquia j\u00e1 procedeu \u00e0 demoli\u00e7\u00e3o dos muros em ru\u00ednas e \u00e0 limpeza do terreno, de modo a preparar o espa\u00e7o para estacionamento autom\u00f3vel.<\/p>\n","protected":false},"excerpt":{"rendered":"<p>Breve<\/p>\n","protected":false},"author":1,"featured_media":0,"comment_status":"open","ping_status":"open","sticky":false,"template":"","format":"standard","meta":{"footnotes":""},"categories":[45],"tags":[],"class_list":["post-3804","post","type-post","status-publish","format-standard","hentry","category-regioes"],"_links":{"self":[{"href":"https:\/\/sites.ecclesia.pt\/cv\/wp-json\/wp\/v2\/posts\/3804","targetHints":{"allow":["GET"]}}],"collection":[{"href":"https:\/\/sites.ecclesia.pt\/cv\/wp-json\/wp\/v2\/posts"}],"about":[{"href":"https:\/\/sites.ecclesia.pt\/cv\/wp-json\/wp\/v2\/types\/post"}],"author":[{"embeddable":true,"href":"https:\/\/sites.ecclesia.pt\/cv\/wp-json\/wp\/v2\/users\/1"}],"replies":[{"embeddable":true,"href":"https:\/\/sites.ecclesia.pt\/cv\/wp-json\/wp\/v2\/comments?post=3804"}],"version-history":[{"count":0,"href":"https:\/\/sites.ecclesia.pt\/cv\/wp-json\/wp\/v2\/posts\/3804\/revisions"}],"wp:attachment":[{"href":"https:\/\/sites.ecclesia.pt\/cv\/wp-json\/wp\/v2\/media?parent=3804"}],"wp:term":[{"taxonomy":"category","embeddable":true,"href":"https:\/\/sites.ecclesia.pt\/cv\/wp-json\/wp\/v2\/categories?post=3804"},{"taxonomy":"post_tag","embeddable":true,"href":"https:\/\/sites.ecclesia.pt\/cv\/wp-json\/wp\/v2\/tags?post=3804"}],"curies":[{"name":"wp","href":"https:\/\/api.w.org\/{rel}","templated":true}]}}