{"id":3805,"date":"2009-09-30T12:21:00","date_gmt":"2009-09-30T12:21:00","guid":{"rendered":"http:\/\/localhost:81\/wp1\/?p=3805"},"modified":"2009-09-30T12:21:00","modified_gmt":"2009-09-30T12:21:00","slug":"rancho-da-casa-do-povo-na-ex-escola-da-gafanha-da-boavista","status":"publish","type":"post","link":"https:\/\/sites.ecclesia.pt\/cv\/rancho-da-casa-do-povo-na-ex-escola-da-gafanha-da-boavista\/","title":{"rendered":"Rancho da Casa do Povo na ex-Escola da Gafanha da Boavista"},"content":{"rendered":"<p>Breve <!--more--> O executivo municipal ilhavense aprovou o protocolo de ced\u00eancia de uso do edif\u00edcio da Escola do 1.\u00ba Ciclo da Gafanha da Boavista, de que \u00e9 propriet\u00e1ria, ao Rancho Regional da Casa do Povo de \u00cdlhavo (RRCPI), que a\u00ed ficar\u00e1 sedeado.<\/p>\n<p>A CMI atribuir\u00e1 um subs\u00eddio de 500 euros ao RRCPI para limpeza e pequenas obras de repara\u00e7\u00e3o do im\u00f3vel. <\/p>\n<p>A autarquia assume tamb\u00e9m o compromisso de apoiar financeiramente a execu\u00e7\u00e3o de adapta\u00e7\u00e3o que est\u00e3o a ser projectadas.<\/p>\n","protected":false},"excerpt":{"rendered":"<p>Breve<\/p>\n","protected":false},"author":1,"featured_media":0,"comment_status":"open","ping_status":"open","sticky":false,"template":"","format":"standard","meta":{"footnotes":""},"categories":[45],"tags":[],"class_list":["post-3805","post","type-post","status-publish","format-standard","hentry","category-regioes"],"_links":{"self":[{"href":"https:\/\/sites.ecclesia.pt\/cv\/wp-json\/wp\/v2\/posts\/3805","targetHints":{"allow":["GET"]}}],"collection":[{"href":"https:\/\/sites.ecclesia.pt\/cv\/wp-json\/wp\/v2\/posts"}],"about":[{"href":"https:\/\/sites.ecclesia.pt\/cv\/wp-json\/wp\/v2\/types\/post"}],"author":[{"embeddable":true,"href":"https:\/\/sites.ecclesia.pt\/cv\/wp-json\/wp\/v2\/users\/1"}],"replies":[{"embeddable":true,"href":"https:\/\/sites.ecclesia.pt\/cv\/wp-json\/wp\/v2\/comments?post=3805"}],"version-history":[{"count":0,"href":"https:\/\/sites.ecclesia.pt\/cv\/wp-json\/wp\/v2\/posts\/3805\/revisions"}],"wp:attachment":[{"href":"https:\/\/sites.ecclesia.pt\/cv\/wp-json\/wp\/v2\/media?parent=3805"}],"wp:term":[{"taxonomy":"category","embeddable":true,"href":"https:\/\/sites.ecclesia.pt\/cv\/wp-json\/wp\/v2\/categories?post=3805"},{"taxonomy":"post_tag","embeddable":true,"href":"https:\/\/sites.ecclesia.pt\/cv\/wp-json\/wp\/v2\/tags?post=3805"}],"curies":[{"name":"wp","href":"https:\/\/api.w.org\/{rel}","templated":true}]}}