{"id":3806,"date":"2009-09-30T12:25:00","date_gmt":"2009-09-30T12:25:00","guid":{"rendered":"http:\/\/localhost:81\/wp1\/?p=3806"},"modified":"2009-09-30T12:25:00","modified_gmt":"2009-09-30T12:25:00","slug":"linha-do-vouga-com-mais-comboios-entre-aveiro-e-sernada","status":"publish","type":"post","link":"https:\/\/sites.ecclesia.pt\/cv\/linha-do-vouga-com-mais-comboios-entre-aveiro-e-sernada\/","title":{"rendered":"Linha do Vouga com mais comboios entre Aveiro e Sernada"},"content":{"rendered":"<p>Breve <!--more--> Com o objectivo de melhor servir as popula\u00e7\u00f5es, a CP ir\u00e1 aumentar o n\u00famero de comboios na Linha do Vouga, entre Aveiro e Sernada, com passagem por \u00c1gueda, prevendo-se para breve a circula\u00e7\u00e3o de onze composi\u00e7\u00f5es, em cada um dos sentidos, cobrindo praticamente todos os hor\u00e1rios diurnos.<\/p>\n<p>Com os novos hor\u00e1rios, no tro\u00e7o Aveiro \/ \u00c1gueda \/ Sernada, o primeiro comboio sair\u00e1 da esta\u00e7\u00e3o aveirense pelas 6h45, e passar\u00e1 em \u00c1gueda \u00e0s 7h22 e em Macinhata do Vouga pelas 7h41. No sentido inverso, o \u00faltimo comboio passar\u00e1 em Macinhata do Vouga \u00e0s 18h58, em \u00c1gueda \u00e0s 19h17 e chegar\u00e1 a Aveiro pelas 19h54.<\/p>\n<p>Est\u00e1 em estudo o reenquadramento de algumas esta\u00e7\u00f5es e apeadeiros, nomeadamente na Escola Adolfo Portela, no Centro de Sa\u00fade de \u00c1gueda e na zona mais central de Mourisca do Vouga.<\/p>\n","protected":false},"excerpt":{"rendered":"<p>Breve<\/p>\n","protected":false},"author":1,"featured_media":0,"comment_status":"open","ping_status":"open","sticky":false,"template":"","format":"standard","meta":{"footnotes":""},"categories":[45],"tags":[],"class_list":["post-3806","post","type-post","status-publish","format-standard","hentry","category-regioes"],"_links":{"self":[{"href":"https:\/\/sites.ecclesia.pt\/cv\/wp-json\/wp\/v2\/posts\/3806","targetHints":{"allow":["GET"]}}],"collection":[{"href":"https:\/\/sites.ecclesia.pt\/cv\/wp-json\/wp\/v2\/posts"}],"about":[{"href":"https:\/\/sites.ecclesia.pt\/cv\/wp-json\/wp\/v2\/types\/post"}],"author":[{"embeddable":true,"href":"https:\/\/sites.ecclesia.pt\/cv\/wp-json\/wp\/v2\/users\/1"}],"replies":[{"embeddable":true,"href":"https:\/\/sites.ecclesia.pt\/cv\/wp-json\/wp\/v2\/comments?post=3806"}],"version-history":[{"count":0,"href":"https:\/\/sites.ecclesia.pt\/cv\/wp-json\/wp\/v2\/posts\/3806\/revisions"}],"wp:attachment":[{"href":"https:\/\/sites.ecclesia.pt\/cv\/wp-json\/wp\/v2\/media?parent=3806"}],"wp:term":[{"taxonomy":"category","embeddable":true,"href":"https:\/\/sites.ecclesia.pt\/cv\/wp-json\/wp\/v2\/categories?post=3806"},{"taxonomy":"post_tag","embeddable":true,"href":"https:\/\/sites.ecclesia.pt\/cv\/wp-json\/wp\/v2\/tags?post=3806"}],"curies":[{"name":"wp","href":"https:\/\/api.w.org\/{rel}","templated":true}]}}