{"id":3807,"date":"2009-09-30T12:26:00","date_gmt":"2009-09-30T12:26:00","guid":{"rendered":"http:\/\/localhost:81\/wp1\/?p=3807"},"modified":"2009-09-30T12:26:00","modified_gmt":"2009-09-30T12:26:00","slug":"aprovado-estudo-previo-do-parque-da-carreira","status":"publish","type":"post","link":"https:\/\/sites.ecclesia.pt\/cv\/aprovado-estudo-previo-do-parque-da-carreira\/","title":{"rendered":"Aprovado estudo pr\u00e9vio do Parque da Carreira"},"content":{"rendered":"<p>Breve <!--more--> O executivo municipal de \u00cdlhavo aprovou o estudo pr\u00e9vio do futuro Parque da Carreira, a instalar no local da antiga Carreira de Tiro da Gafanha D\u2019Aqu\u00e9m, num terreno com 42 mil metros quadrados, recentemente adquirido pela C\u00e2mara Municipal de \u00cdlhavo (CMI), por 250 mil euros.<\/p>\n<p>O estudo pr\u00e9vio visa a instala\u00e7\u00e3o de um equipamento social, um polidesportivo, parque florestal com parque infantil, parque de merendas, circuito de manuten\u00e7\u00e3o, arruamento de acesso e \u00e1rea de estacionamento autom\u00f3vel.<\/p>\n<p>Para a concretiza\u00e7\u00e3o de alguns desses projectos, a CMI ir\u00e1 estabelecer parcerias com entidades locais, nomeadamente a Associa\u00e7\u00e3o Aqu\u00e9m Renasce (para o equipamento social) e o Grupo Desportivo da Gafanha D\u2019Aqu\u00e9m (polidesportivo).<\/p>\n","protected":false},"excerpt":{"rendered":"<p>Breve<\/p>\n","protected":false},"author":1,"featured_media":0,"comment_status":"open","ping_status":"open","sticky":false,"template":"","format":"standard","meta":{"footnotes":""},"categories":[45],"tags":[],"class_list":["post-3807","post","type-post","status-publish","format-standard","hentry","category-regioes"],"_links":{"self":[{"href":"https:\/\/sites.ecclesia.pt\/cv\/wp-json\/wp\/v2\/posts\/3807","targetHints":{"allow":["GET"]}}],"collection":[{"href":"https:\/\/sites.ecclesia.pt\/cv\/wp-json\/wp\/v2\/posts"}],"about":[{"href":"https:\/\/sites.ecclesia.pt\/cv\/wp-json\/wp\/v2\/types\/post"}],"author":[{"embeddable":true,"href":"https:\/\/sites.ecclesia.pt\/cv\/wp-json\/wp\/v2\/users\/1"}],"replies":[{"embeddable":true,"href":"https:\/\/sites.ecclesia.pt\/cv\/wp-json\/wp\/v2\/comments?post=3807"}],"version-history":[{"count":0,"href":"https:\/\/sites.ecclesia.pt\/cv\/wp-json\/wp\/v2\/posts\/3807\/revisions"}],"wp:attachment":[{"href":"https:\/\/sites.ecclesia.pt\/cv\/wp-json\/wp\/v2\/media?parent=3807"}],"wp:term":[{"taxonomy":"category","embeddable":true,"href":"https:\/\/sites.ecclesia.pt\/cv\/wp-json\/wp\/v2\/categories?post=3807"},{"taxonomy":"post_tag","embeddable":true,"href":"https:\/\/sites.ecclesia.pt\/cv\/wp-json\/wp\/v2\/tags?post=3807"}],"curies":[{"name":"wp","href":"https:\/\/api.w.org\/{rel}","templated":true}]}}