{"id":3836,"date":"2009-09-30T12:02:00","date_gmt":"2009-09-30T12:02:00","guid":{"rendered":"http:\/\/localhost:81\/wp1\/?p=3836"},"modified":"2009-09-30T12:02:00","modified_gmt":"2009-09-30T12:02:00","slug":"servico-a-verdade","status":"publish","type":"post","link":"https:\/\/sites.ecclesia.pt\/cv\/servico-a-verdade\/","title":{"rendered":"Servi\u00e7o \u00e0 verdade"},"content":{"rendered":"<p>Est\u00e1 escrito <!--more--> A Igreja n\u00e3o tem solu\u00e7\u00f5es t\u00e9cnicas para oferecer e n\u00e3o pretende de modo algum imiscuir-se na pol\u00edtica dos Estados; mas tem uma miss\u00e3o ao servi\u00e7o da verdade para cumprir, em todo o tempo e conting\u00eancia, a favor de uma sociedade \u00e0 medida do homem, da sua dignidade, da sua voca\u00e7\u00e3o.<\/p>\n<p>Sem verdade, cai-se numa vis\u00e3o empirista e c\u00e9ptica da vida, incapaz de se elevar acima da ac\u00e7\u00e3o porque n\u00e3o est\u00e1 interessada em identificar os valores \u2014 \u00e0s vezes nem sequer os significados \u2014 pelos quais julg\u00e1-la e orient\u00e1-la.<\/p>\n<p>A fidelidade ao homem exige a fidelidade \u00e0 verdade, a \u00fanica que \u00e9 garantia de liberdade e da possibilidade dum desenvolvimento humano integral. \u00c9 por isso que a Igreja a procura, anuncia incansavelmente e reconhece em todo o lado onde a mesma se apresente. Para a Igreja, esta miss\u00e3o ao servi\u00e7o da verdade \u00e9 irrenunci\u00e1vel.<\/p>\n<p>Bento XVI, <\/p>\n<p>\u201cA Caridade na Verdade\u201d, n.\u00ba 9<\/p>\n","protected":false},"excerpt":{"rendered":"<p>Est\u00e1 escrito<\/p>\n","protected":false},"author":1,"featured_media":0,"comment_status":"open","ping_status":"open","sticky":false,"template":"","format":"standard","meta":{"footnotes":""},"categories":[52],"tags":[],"class_list":["post-3836","post","type-post","status-publish","format-standard","hentry","category-espiritualidade"],"_links":{"self":[{"href":"https:\/\/sites.ecclesia.pt\/cv\/wp-json\/wp\/v2\/posts\/3836","targetHints":{"allow":["GET"]}}],"collection":[{"href":"https:\/\/sites.ecclesia.pt\/cv\/wp-json\/wp\/v2\/posts"}],"about":[{"href":"https:\/\/sites.ecclesia.pt\/cv\/wp-json\/wp\/v2\/types\/post"}],"author":[{"embeddable":true,"href":"https:\/\/sites.ecclesia.pt\/cv\/wp-json\/wp\/v2\/users\/1"}],"replies":[{"embeddable":true,"href":"https:\/\/sites.ecclesia.pt\/cv\/wp-json\/wp\/v2\/comments?post=3836"}],"version-history":[{"count":0,"href":"https:\/\/sites.ecclesia.pt\/cv\/wp-json\/wp\/v2\/posts\/3836\/revisions"}],"wp:attachment":[{"href":"https:\/\/sites.ecclesia.pt\/cv\/wp-json\/wp\/v2\/media?parent=3836"}],"wp:term":[{"taxonomy":"category","embeddable":true,"href":"https:\/\/sites.ecclesia.pt\/cv\/wp-json\/wp\/v2\/categories?post=3836"},{"taxonomy":"post_tag","embeddable":true,"href":"https:\/\/sites.ecclesia.pt\/cv\/wp-json\/wp\/v2\/tags?post=3836"}],"curies":[{"name":"wp","href":"https:\/\/api.w.org\/{rel}","templated":true}]}}