{"id":3837,"date":"2009-09-30T12:23:00","date_gmt":"2009-09-30T12:23:00","guid":{"rendered":"http:\/\/localhost:81\/wp1\/?p=3837"},"modified":"2009-09-30T12:23:00","modified_gmt":"2009-09-30T12:23:00","slug":"rotarios-apoiam-estudo-de-criancas-pobres","status":"publish","type":"post","link":"https:\/\/sites.ecclesia.pt\/cv\/rotarios-apoiam-estudo-de-criancas-pobres\/","title":{"rendered":"Rot\u00e1rios apoiam estudo de crian\u00e7as pobres"},"content":{"rendered":"<p>Os rot\u00e1rios aveirenses lan\u00e7aram o programa \u201cApadrinhar uma crian\u00e7a\u201d para apoiar a escolaridade crian\u00e7as do 1.\u00ba ciclo de fam\u00edlias com poucos recursos <\/p>\n<p>H\u00e1 crian\u00e7as a quem \u201csobra a ambi\u00e7\u00e3o, mas faltam os incentivos\u201d. Sem uma ajuda exterior \u00e0 fam\u00edlia, dificilmente poder\u00e3o tornar-se cidad\u00e3os em sentido pleno. S\u00e3o estas as ideias de fundo que levam o Rotary Club de Aveiro (RCA) a criar o programa \u201cApadrinhar uma crian\u00e7a\u201d. Trata-se de \u201ccriar condi\u00e7\u00f5es para que tenham umfuturo risonho\u201d, afirmou Paulo Pinho, governador do RCA, que adiantou que o projecto vem na linha de outros assumidos pelos rot\u00e1rios, como o Banco Alimentar Contra a Fome (iniciado em Aveiro pelo RCA) ou o Banco de Material Ortop\u00e9dico.<\/p>\n<p>\u201cApadrinhar uma crian\u00e7a\u201d consiste em prestar apoio a um aluno do ensino b\u00e1sico p\u00fablico do concelho de Aveiro. A identifica\u00e7\u00e3o das crian\u00e7as que precisam de apoio ficar\u00e1 \u00e0 responsabilidade da C\u00e1ritas Diocesana, que \u00e9 a entidade \u201cgestora do projecto\u201d. A ajuda pode ser dada segundo tr\u00eas modalidades, como informou a rot\u00e1ria Carla Tavares: \u201cApoio financeiro, apoio efectivo no acompanhamento escolar\u201d, nomeadamente contactando com pais e professores, e \u201capoio em outro tipo de cuidados\u201d, como seja a compra de \u00f3culos ou de um aparelho auditivo para crian\u00e7as necessitadas. O projecto segue o modelo de apadrinhamento de crian\u00e7as africanas \u00e0 dist\u00e2ncia preconizado por algumas ONG, como referiu a rot\u00e1ria.<\/p>\n<p>O protocolo assinado entre o RCA e a C\u00e1ritas, na noite do dia 22 de Setembro, conta com o patroc\u00ednio do antigo ministro e colaborador do Correio do Vouga Ant\u00f3nio Bag\u00e3o F\u00e9lix, que considerou a iniciativa dos rot\u00e1rios \u201cum acto de magistratura social preventiva e personalizadora\u201d, uma \u201catitude contra o conformismo e a indiferen\u00e7a\u201d, uma \u201cac\u00e7\u00e3o contra a viol\u00eancia do sil\u00eancio\u201d. Comentando a assinatura, o presidente da direc\u00e7\u00e3o da C\u00e1ritas, di\u00e1c. Jos\u00e9 Alves, congratulou-se: \u201cEstamos gratos n\u00e3o por se terem lembrado de n\u00f3s, mas sim das nossas crian\u00e7as\u201d. O governador do RCA, por seu turno, espera que o projecto signifique \u201cuma melhoria do futuro de muitas crian\u00e7as\u201d. Para j\u00e1, destina-se apenas ao 1.\u00ba ciclo, mas pode vir a alargar-se aos 2.\u00ba e 3.\u00ba ciclos.<\/p>\n<p>Na cerim\u00f3nia, durante um jantar, al\u00e9m dos membros do clube, estiveram o Bispo de Aveiro e representantes da C\u00e2mara Municipal e do Governo Civil de Aveiro.<\/p>\n<p>J.P.F.<\/p>\n<p>&#8220;Temos de ser decentes para as nossas crian\u00e7as&#8221;<\/p>\n<p>Ant\u00f3nio Bag\u00e3o F\u00e9lix aceitou associar o seu nome \u00e0 iniciativa e proferiu uma breve palestra sobre \u201ca crian\u00e7a, futuro da esperan\u00e7a\u201d. O antigo ministro das Finan\u00e7as (\u201cministro n\u00e3o \u00e9 curr\u00edculo; \u00e9 cadastro\u201d, disse num \u00e0 parte, citando outro ex-ministro) notou o perigo de as crian\u00e7as entrarem rapidamente na adolesc\u00eancia &#8211; \u201cqueimar etapas \u00e9 criar adultos com falta de equil\u00edbrio e de harmonia no seu interior\u201d \u2013 e defendeu a \u201cprioridade \u00e0 fam\u00edlia\u201d e n\u00e3o ao Estado quando se trata da educa\u00e7\u00e3o. \u201cSe a fam\u00edlia for melhor, a sociedade \u00e9 melhor. E n\u00e3o o contr\u00e1rio. N\u00e3o h\u00e1 sociedade de bem-estar que se fundamente em fam\u00edlias de mal-estar\u201d, disse. Bag\u00e3o F\u00e9lix afirmou que a tarefa educativa global pertence \u00e0 fam\u00edlia, a qual delega uma parte (a do ensino) \u00e0 escola. Errado ser\u00e1 pedir toda a educa\u00e7\u00e3o \u00e0 escola. Na mesma linha, afirmou que \u201co Estado n\u00e3o tem voca\u00e7\u00e3o afectiva nem intelig\u00eancia emocional\u201d e \u201ctende a reduzir tudo a grupos et\u00e1rios e arqu\u00e9tipos\u201d.<\/p>\n<p>Sobre as crian\u00e7as institucionalizadas notou que \u00e9 \u201cinevit\u00e1vel\u201d reformar das institui\u00e7\u00f5es de acolhimento e agilizar os processos de adop\u00e7\u00e3o. A Casa Pia \u00e9 um \u201cs\u00edmbolo de massifica\u00e7\u00e3o e despersonaliza\u00e7\u00e3o\u201d, disse. E \u201ca massifica\u00e7\u00e3o \u00e9 um inimigo do direito \u00e0 esperan\u00e7a\u201d, acrescentou.<\/p>\n<p>Por outro lado, sobre as crian\u00e7as em risco, observou que o ordenamento jur\u00eddico que estipula \u201co superior interesse da crian\u00e7a\u201d leva aos resultados mais d\u00edspares, consoante o juiz, e defendeu a mudan\u00e7a de leis como a que diz que a comiss\u00e3o de protec\u00e7\u00e3o de menores tem de ouvir o agressor. De lamentar, tamb\u00e9m, \u00e9 a lentid\u00e3o dos tribunais, ainda mais quando se trata de processos com crian\u00e7as. \u201cO tempo da justi\u00e7a n\u00e3o \u00e9 o tempo de uma crian\u00e7a. Tr\u00eas ou quatro anos nos meandros da justi\u00e7a pode ser a totalidade do tempo de ser crian\u00e7a\u201d. Num apelo final, afirmou: \u201cTemos de ser decentes para as crian\u00e7as\u201d.<\/p>\n","protected":false},"excerpt":{"rendered":"<p>Os rot\u00e1rios aveirenses lan\u00e7aram o programa \u201cApadrinhar uma crian\u00e7a\u201d para apoiar a escolaridade crian\u00e7as do 1.\u00ba ciclo de fam\u00edlias com poucos recursos H\u00e1 crian\u00e7as a quem \u201csobra a ambi\u00e7\u00e3o, mas faltam os incentivos\u201d. Sem uma ajuda exterior \u00e0 fam\u00edlia, dificilmente poder\u00e3o tornar-se cidad\u00e3os em sentido pleno. S\u00e3o estas as ideias de fundo que levam o [&hellip;]<\/p>\n","protected":false},"author":1,"featured_media":0,"comment_status":"open","ping_status":"open","sticky":false,"template":"","format":"standard","meta":{"footnotes":""},"categories":[45],"tags":[],"class_list":["post-3837","post","type-post","status-publish","format-standard","hentry","category-regioes"],"_links":{"self":[{"href":"https:\/\/sites.ecclesia.pt\/cv\/wp-json\/wp\/v2\/posts\/3837","targetHints":{"allow":["GET"]}}],"collection":[{"href":"https:\/\/sites.ecclesia.pt\/cv\/wp-json\/wp\/v2\/posts"}],"about":[{"href":"https:\/\/sites.ecclesia.pt\/cv\/wp-json\/wp\/v2\/types\/post"}],"author":[{"embeddable":true,"href":"https:\/\/sites.ecclesia.pt\/cv\/wp-json\/wp\/v2\/users\/1"}],"replies":[{"embeddable":true,"href":"https:\/\/sites.ecclesia.pt\/cv\/wp-json\/wp\/v2\/comments?post=3837"}],"version-history":[{"count":0,"href":"https:\/\/sites.ecclesia.pt\/cv\/wp-json\/wp\/v2\/posts\/3837\/revisions"}],"wp:attachment":[{"href":"https:\/\/sites.ecclesia.pt\/cv\/wp-json\/wp\/v2\/media?parent=3837"}],"wp:term":[{"taxonomy":"category","embeddable":true,"href":"https:\/\/sites.ecclesia.pt\/cv\/wp-json\/wp\/v2\/categories?post=3837"},{"taxonomy":"post_tag","embeddable":true,"href":"https:\/\/sites.ecclesia.pt\/cv\/wp-json\/wp\/v2\/tags?post=3837"}],"curies":[{"name":"wp","href":"https:\/\/api.w.org\/{rel}","templated":true}]}}