{"id":3852,"date":"2009-09-30T12:13:00","date_gmt":"2009-09-30T12:13:00","guid":{"rendered":"http:\/\/localhost:81\/wp1\/?p=3852"},"modified":"2009-09-30T12:13:00","modified_gmt":"2009-09-30T12:13:00","slug":"jornadas-sobre-criancas-e-idosos-deficientes","status":"publish","type":"post","link":"https:\/\/sites.ecclesia.pt\/cv\/jornadas-sobre-criancas-e-idosos-deficientes\/","title":{"rendered":"Jornadas sobre crian\u00e7as e idosos deficientes"},"content":{"rendered":"<p>\u201cDa necessidade \u00e0 interven\u00e7\u00e3o\u201d \u00e9 o tema das 2.\u00aa Jornadas CID \u2013 Crian\u00e7as, Idosos e Deficientes que a A.P.C.D.I. \u2013 Associa\u00e7\u00e3o Pr\u00f3 Cidad\u00e3o Deficiente Integrado, sedeada em Pesse-gueiro do Vouga, ir\u00e1 realizar no dia 24 de Outubro, no Centro das Artes e do Espect\u00e1culo de Sever do Vouga.<\/p>\n<p>A sess\u00e3o de abertura est\u00e1 agendada para as 10 horas, seguindo-se o primeiro painel, sob o tema \u201cA crian\u00e7a e a birra\u201d, moderado por Lu\u00eds Silva, e interven\u00e7\u00f5es de Arm\u00e9nia Parada (pediatra), Maria Fernanda Alves (educadora de inf\u00e2ncia) e Celina Rocha (encarregada de educa\u00e7\u00e3o). <\/p>\n<p>Pelas 13h30, ter\u00e1 in\u00edcio o painel \u201cIdosos, uma nova realidade\u201d, moderado por In\u00eas Silva, enfermeira do Centro de Sa\u00fade de Sever do Vouga, com as interven\u00e7\u00f5es \u201cO peso da idade \u2013 perspectiva evolutiva\u201d, por Jo\u00e3o Paulo Tavares, e \u201cIdosos, presen\u00e7a activa na sociedade\u201d, por um representante da Universidade S\u00e9nior de Oliveira de Azem\u00e9is.<\/p>\n<p>O terceiro painel, subordinado ao tema Defici\u00eancia \u2013 \u201cReabilita\u00e7\u00e3o e inser\u00e7\u00e3o social\u201d ser\u00e1 moderado por Marco Tavares, e contar\u00e1 com as interven\u00e7\u00f5es de um representante do Instituto de Emprego e Forma\u00e7\u00e3o Profissional, de Ana Gomes (da CERCIAG) e de Liliete Fonseca Costa (caso de vida).<\/p>\n<p>As jornadas t\u00eam por destinat\u00e1rios t\u00e9cnicos das IPSS\u2019s, psic\u00f3logos, t\u00e9cnicos de servi\u00e7o social, t\u00e9cnicos de geriatria, soci\u00f3logos, autarcas, educadores, professores, estudantes e demais interessados nesta tem\u00e1tica. As inscri\u00e7\u00f5es, com o valor de dez euros, podem ser efectuadas at\u00e9 15 de Outubro. A APCDI pode ser contactada por telefone (234555926), por fax (234598183) ou por e-mail (apcdi@sapo.pt ).<\/p>\n","protected":false},"excerpt":{"rendered":"<p>\u201cDa necessidade \u00e0 interven\u00e7\u00e3o\u201d \u00e9 o tema das 2.\u00aa Jornadas CID \u2013 Crian\u00e7as, Idosos e Deficientes que a A.P.C.D.I. \u2013 Associa\u00e7\u00e3o Pr\u00f3 Cidad\u00e3o Deficiente Integrado, sedeada em Pesse-gueiro do Vouga, ir\u00e1 realizar no dia 24 de Outubro, no Centro das Artes e do Espect\u00e1culo de Sever do Vouga. A sess\u00e3o de abertura est\u00e1 agendada para [&hellip;]<\/p>\n","protected":false},"author":1,"featured_media":0,"comment_status":"open","ping_status":"open","sticky":false,"template":"","format":"standard","meta":{"footnotes":""},"categories":[45],"tags":[],"class_list":["post-3852","post","type-post","status-publish","format-standard","hentry","category-regioes"],"_links":{"self":[{"href":"https:\/\/sites.ecclesia.pt\/cv\/wp-json\/wp\/v2\/posts\/3852","targetHints":{"allow":["GET"]}}],"collection":[{"href":"https:\/\/sites.ecclesia.pt\/cv\/wp-json\/wp\/v2\/posts"}],"about":[{"href":"https:\/\/sites.ecclesia.pt\/cv\/wp-json\/wp\/v2\/types\/post"}],"author":[{"embeddable":true,"href":"https:\/\/sites.ecclesia.pt\/cv\/wp-json\/wp\/v2\/users\/1"}],"replies":[{"embeddable":true,"href":"https:\/\/sites.ecclesia.pt\/cv\/wp-json\/wp\/v2\/comments?post=3852"}],"version-history":[{"count":0,"href":"https:\/\/sites.ecclesia.pt\/cv\/wp-json\/wp\/v2\/posts\/3852\/revisions"}],"wp:attachment":[{"href":"https:\/\/sites.ecclesia.pt\/cv\/wp-json\/wp\/v2\/media?parent=3852"}],"wp:term":[{"taxonomy":"category","embeddable":true,"href":"https:\/\/sites.ecclesia.pt\/cv\/wp-json\/wp\/v2\/categories?post=3852"},{"taxonomy":"post_tag","embeddable":true,"href":"https:\/\/sites.ecclesia.pt\/cv\/wp-json\/wp\/v2\/tags?post=3852"}],"curies":[{"name":"wp","href":"https:\/\/api.w.org\/{rel}","templated":true}]}}