{"id":3853,"date":"2009-09-30T12:15:00","date_gmt":"2009-09-30T12:15:00","guid":{"rendered":"http:\/\/localhost:81\/wp1\/?p=3853"},"modified":"2009-09-30T12:15:00","modified_gmt":"2009-09-30T12:15:00","slug":"colegio-de-calvao-recebeu-premio-do-fapas","status":"publish","type":"post","link":"https:\/\/sites.ecclesia.pt\/cv\/colegio-de-calvao-recebeu-premio-do-fapas\/","title":{"rendered":"Col\u00e9gio de Calv\u00e3o recebeu pr\u00e9mio do FAPAS"},"content":{"rendered":"<p>Pelo segundo ano consecutivo, o Col\u00e9gio de N.\u00aa S.\u00aa da Apresenta\u00e7\u00e3o, de Calv\u00e3o, recebeu o pr\u00e9mio FAPAS \u2013 Fundo para a Protec\u00e7\u00e3o dos Animais Selvagens, pelo projecto \u201cAltera\u00e7\u00f5es clim\u00e1ticas e biodiversidade dunar\u201d, desenvolvido no \u00faltimo ano lectivo.<\/p>\n<p>O projecto centrou-se na refloresta\u00e7\u00e3o dunar e limpeza da \u00e1rea marginal \u00e0 ria e na praia do Are\u00e3o. As ac\u00e7\u00f5es foram realizadas por alunos do 12.\u00ba ano, professores, escuteiros do Agrupamento de Ponte de Vagos, com o apoio da C\u00e2mara Municipal de Vagos.<\/p>\n<p>O Col\u00e9gio de Calv\u00e3o participou tamb\u00e9m nos projectos \u201cDia da floresta aut\u00f3ctone\u201d e \u201cAumenta a biodiversidade da tua escola e da tua cidade\u201d, promovidos pelo FAPAS e pela SPEA &#8211; Sociedade Portuguesa para o Estudo das Aves.<\/p>\n<p>Em segundo e terceiro classificaram-se as escola EB1 de Vilar (Aveiro) e a EB 2.3 D. Pedro IV (Mindelo), respectivamente.<\/p>\n<p>A entrega dos pr\u00e9mios ocorreu na semana passada, no Col\u00e9gio de Calv\u00e3o, numa sess\u00e3o que contou com a presen\u00e7a de Luc\u00edlia Guedes e Fernando Silva, coordenadores dos Projectos de Educa\u00e7\u00e3o Ambiental do FAPAS.<\/p>\n","protected":false},"excerpt":{"rendered":"<p>Pelo segundo ano consecutivo, o Col\u00e9gio de N.\u00aa S.\u00aa da Apresenta\u00e7\u00e3o, de Calv\u00e3o, recebeu o pr\u00e9mio FAPAS \u2013 Fundo para a Protec\u00e7\u00e3o dos Animais Selvagens, pelo projecto \u201cAltera\u00e7\u00f5es clim\u00e1ticas e biodiversidade dunar\u201d, desenvolvido no \u00faltimo ano lectivo. O projecto centrou-se na refloresta\u00e7\u00e3o dunar e limpeza da \u00e1rea marginal \u00e0 ria e na praia do Are\u00e3o. [&hellip;]<\/p>\n","protected":false},"author":1,"featured_media":0,"comment_status":"open","ping_status":"open","sticky":false,"template":"","format":"standard","meta":{"footnotes":""},"categories":[45],"tags":[],"class_list":["post-3853","post","type-post","status-publish","format-standard","hentry","category-regioes"],"_links":{"self":[{"href":"https:\/\/sites.ecclesia.pt\/cv\/wp-json\/wp\/v2\/posts\/3853","targetHints":{"allow":["GET"]}}],"collection":[{"href":"https:\/\/sites.ecclesia.pt\/cv\/wp-json\/wp\/v2\/posts"}],"about":[{"href":"https:\/\/sites.ecclesia.pt\/cv\/wp-json\/wp\/v2\/types\/post"}],"author":[{"embeddable":true,"href":"https:\/\/sites.ecclesia.pt\/cv\/wp-json\/wp\/v2\/users\/1"}],"replies":[{"embeddable":true,"href":"https:\/\/sites.ecclesia.pt\/cv\/wp-json\/wp\/v2\/comments?post=3853"}],"version-history":[{"count":0,"href":"https:\/\/sites.ecclesia.pt\/cv\/wp-json\/wp\/v2\/posts\/3853\/revisions"}],"wp:attachment":[{"href":"https:\/\/sites.ecclesia.pt\/cv\/wp-json\/wp\/v2\/media?parent=3853"}],"wp:term":[{"taxonomy":"category","embeddable":true,"href":"https:\/\/sites.ecclesia.pt\/cv\/wp-json\/wp\/v2\/categories?post=3853"},{"taxonomy":"post_tag","embeddable":true,"href":"https:\/\/sites.ecclesia.pt\/cv\/wp-json\/wp\/v2\/tags?post=3853"}],"curies":[{"name":"wp","href":"https:\/\/api.w.org\/{rel}","templated":true}]}}