{"id":3854,"date":"2009-09-30T12:16:00","date_gmt":"2009-09-30T12:16:00","guid":{"rendered":"http:\/\/localhost:81\/wp1\/?p=3854"},"modified":"2009-09-30T12:16:00","modified_gmt":"2009-09-30T12:16:00","slug":"expressao-dramatica-para-professores-em-agueda","status":"publish","type":"post","link":"https:\/\/sites.ecclesia.pt\/cv\/expressao-dramatica-para-professores-em-agueda\/","title":{"rendered":"&#8220;Express\u00e3o dram\u00e1tica para professores&#8221; em \u00c1gueda"},"content":{"rendered":"<p>Breve <!--more--> A Biblioteca Municipal Manuel Alegre, de \u00c1gueda, vai realizar o curso \u201cExpress\u00e3o dram\u00e1tica para professores\u201d, orientado pela actriz e contadora de hist\u00f3rias Clara Haddad, nos dias 3, 7, 10 e 17 de Outubro.<\/p>\n<p>Os interessados podem obter informa\u00e7\u00f5es atrav\u00e9s do e-mail biblioteca@cm-agueda.pt.<\/p>\n","protected":false},"excerpt":{"rendered":"<p>Breve<\/p>\n","protected":false},"author":1,"featured_media":0,"comment_status":"open","ping_status":"open","sticky":false,"template":"","format":"standard","meta":{"footnotes":""},"categories":[45],"tags":[],"class_list":["post-3854","post","type-post","status-publish","format-standard","hentry","category-regioes"],"_links":{"self":[{"href":"https:\/\/sites.ecclesia.pt\/cv\/wp-json\/wp\/v2\/posts\/3854","targetHints":{"allow":["GET"]}}],"collection":[{"href":"https:\/\/sites.ecclesia.pt\/cv\/wp-json\/wp\/v2\/posts"}],"about":[{"href":"https:\/\/sites.ecclesia.pt\/cv\/wp-json\/wp\/v2\/types\/post"}],"author":[{"embeddable":true,"href":"https:\/\/sites.ecclesia.pt\/cv\/wp-json\/wp\/v2\/users\/1"}],"replies":[{"embeddable":true,"href":"https:\/\/sites.ecclesia.pt\/cv\/wp-json\/wp\/v2\/comments?post=3854"}],"version-history":[{"count":0,"href":"https:\/\/sites.ecclesia.pt\/cv\/wp-json\/wp\/v2\/posts\/3854\/revisions"}],"wp:attachment":[{"href":"https:\/\/sites.ecclesia.pt\/cv\/wp-json\/wp\/v2\/media?parent=3854"}],"wp:term":[{"taxonomy":"category","embeddable":true,"href":"https:\/\/sites.ecclesia.pt\/cv\/wp-json\/wp\/v2\/categories?post=3854"},{"taxonomy":"post_tag","embeddable":true,"href":"https:\/\/sites.ecclesia.pt\/cv\/wp-json\/wp\/v2\/tags?post=3854"}],"curies":[{"name":"wp","href":"https:\/\/api.w.org\/{rel}","templated":true}]}}