{"id":3855,"date":"2009-09-30T12:17:00","date_gmt":"2009-09-30T12:17:00","guid":{"rendered":"http:\/\/localhost:81\/wp1\/?p=3855"},"modified":"2009-09-30T12:17:00","modified_gmt":"2009-09-30T12:17:00","slug":"apoio-aos-alunos-carenciados-de-ilhavo","status":"publish","type":"post","link":"https:\/\/sites.ecclesia.pt\/cv\/apoio-aos-alunos-carenciados-de-ilhavo\/","title":{"rendered":"Apoio aos alunos carenciados de \u00cdlhavo"},"content":{"rendered":"<p>Breve <!--more--> O executivo municipal ilhavense aprovou a atribui\u00e7\u00e3o de subs\u00eddios de estudo a alunos carenciados, dividido em dois escal\u00f5es. No escal\u00e3o A ser\u00e3o contemplados 333 alunos, com o valor unit\u00e1rio de 50 euros, enquanto no escal\u00e3o B ser\u00e3o apoiados 238 alunos, com 30 euros, cada.<\/p>\n<p>Os alunos carenciados s\u00e3o identificados de acordo com os tr\u00eas agrupamentos de escola existentes no concelho de \u00cdlhavo.<\/p>\n","protected":false},"excerpt":{"rendered":"<p>Breve<\/p>\n","protected":false},"author":1,"featured_media":0,"comment_status":"open","ping_status":"open","sticky":false,"template":"","format":"standard","meta":{"footnotes":""},"categories":[45],"tags":[],"class_list":["post-3855","post","type-post","status-publish","format-standard","hentry","category-regioes"],"_links":{"self":[{"href":"https:\/\/sites.ecclesia.pt\/cv\/wp-json\/wp\/v2\/posts\/3855","targetHints":{"allow":["GET"]}}],"collection":[{"href":"https:\/\/sites.ecclesia.pt\/cv\/wp-json\/wp\/v2\/posts"}],"about":[{"href":"https:\/\/sites.ecclesia.pt\/cv\/wp-json\/wp\/v2\/types\/post"}],"author":[{"embeddable":true,"href":"https:\/\/sites.ecclesia.pt\/cv\/wp-json\/wp\/v2\/users\/1"}],"replies":[{"embeddable":true,"href":"https:\/\/sites.ecclesia.pt\/cv\/wp-json\/wp\/v2\/comments?post=3855"}],"version-history":[{"count":0,"href":"https:\/\/sites.ecclesia.pt\/cv\/wp-json\/wp\/v2\/posts\/3855\/revisions"}],"wp:attachment":[{"href":"https:\/\/sites.ecclesia.pt\/cv\/wp-json\/wp\/v2\/media?parent=3855"}],"wp:term":[{"taxonomy":"category","embeddable":true,"href":"https:\/\/sites.ecclesia.pt\/cv\/wp-json\/wp\/v2\/categories?post=3855"},{"taxonomy":"post_tag","embeddable":true,"href":"https:\/\/sites.ecclesia.pt\/cv\/wp-json\/wp\/v2\/tags?post=3855"}],"curies":[{"name":"wp","href":"https:\/\/api.w.org\/{rel}","templated":true}]}}