{"id":3856,"date":"2009-09-30T12:19:00","date_gmt":"2009-09-30T12:19:00","guid":{"rendered":"http:\/\/localhost:81\/wp1\/?p=3856"},"modified":"2009-09-30T12:19:00","modified_gmt":"2009-09-30T12:19:00","slug":"dispensa-de-funcoes-e-imunidades","status":"publish","type":"post","link":"https:\/\/sites.ecclesia.pt\/cv\/dispensa-de-funcoes-e-imunidades\/","title":{"rendered":"Dispensa de fun\u00e7\u00f5es e imunidades"},"content":{"rendered":"<p>Vida Aut\u00e1rquica <!--more--> Artigo 8\u00ba <\/p>\n<p>Dispensa de fun\u00e7\u00f5es<\/p>\n<p>Nos 30 dias anteriores \u00e0 data das elei\u00e7\u00f5es, os candidatos t\u00eam direito \u00e0 dispensa do exerc\u00edcio das respectivas fun\u00e7\u00f5es, sejam p\u00fablicas ou privadas, contando esse tempo para todos os efeitos, incluindo o direito \u00e0 retribui\u00e7\u00e3o, como tempo de servi\u00e7o efectivo.<\/p>\n<p>Resulta da transcrita disposi\u00e7\u00e3o legal que, nos 30 dias anteriores \u00e0 data da elei\u00e7\u00e3o, os candidatos est\u00e3o dispensados do exerc\u00edcio das respectivas fun\u00e7\u00f5es profissionais, contando aqueles 30 dias, para todos os efeitos, incluindo o direito \u00e0 retribui\u00e7\u00e3o, como tempo de servi\u00e7o efectivo.<\/p>\n<p>Aos candidatos aproveita imunidade de n\u00e3o poderem ser sujeitos a pris\u00e3o preventiva.<\/p>\n<p>Artigo 9\u00ba<\/p>\n<p>Imunidades<\/p>\n<p>1 &#8211; Nenhum candidato pode ser sujeito a pris\u00e3o preventiva, a n\u00e3o ser em caso de flagrante delito, por crime doloso a que corresponda pena de pris\u00e3o cujo limite m\u00e1ximo seja superior a 3 anos.<\/p>\n<p>2 &#8211; Movido procedimento criminal contra algum candidato e indiciados estes definitivamente por despacho de pron\u00fancia ou equivalente, o processo s\u00f3 pode prosseguir ap\u00f3s a proclama\u00e7\u00e3o dos resultados das elei\u00e7\u00f5es.<\/p>\n<p>Alfredo Rodrigues<\/p>\n","protected":false},"excerpt":{"rendered":"<p>Vida Aut\u00e1rquica<\/p>\n","protected":false},"author":1,"featured_media":0,"comment_status":"open","ping_status":"open","sticky":false,"template":"","format":"standard","meta":{"footnotes":""},"categories":[45],"tags":[],"class_list":["post-3856","post","type-post","status-publish","format-standard","hentry","category-regioes"],"_links":{"self":[{"href":"https:\/\/sites.ecclesia.pt\/cv\/wp-json\/wp\/v2\/posts\/3856","targetHints":{"allow":["GET"]}}],"collection":[{"href":"https:\/\/sites.ecclesia.pt\/cv\/wp-json\/wp\/v2\/posts"}],"about":[{"href":"https:\/\/sites.ecclesia.pt\/cv\/wp-json\/wp\/v2\/types\/post"}],"author":[{"embeddable":true,"href":"https:\/\/sites.ecclesia.pt\/cv\/wp-json\/wp\/v2\/users\/1"}],"replies":[{"embeddable":true,"href":"https:\/\/sites.ecclesia.pt\/cv\/wp-json\/wp\/v2\/comments?post=3856"}],"version-history":[{"count":0,"href":"https:\/\/sites.ecclesia.pt\/cv\/wp-json\/wp\/v2\/posts\/3856\/revisions"}],"wp:attachment":[{"href":"https:\/\/sites.ecclesia.pt\/cv\/wp-json\/wp\/v2\/media?parent=3856"}],"wp:term":[{"taxonomy":"category","embeddable":true,"href":"https:\/\/sites.ecclesia.pt\/cv\/wp-json\/wp\/v2\/categories?post=3856"},{"taxonomy":"post_tag","embeddable":true,"href":"https:\/\/sites.ecclesia.pt\/cv\/wp-json\/wp\/v2\/tags?post=3856"}],"curies":[{"name":"wp","href":"https:\/\/api.w.org\/{rel}","templated":true}]}}